{"id":2505,"date":"2026-06-08T16:21:05","date_gmt":"2026-06-08T13:21:05","guid":{"rendered":"https:\/\/ydy.aku.edu.tr\/?p=2505"},"modified":"2026-06-08T16:21:05","modified_gmt":"2026-06-08T13:21:05","slug":"2025-2026-bahar-donemi-aku-ydys-kat-b-sinavi-basvuru-formu-eski-istege-bagli-hazirlik-ogrencileri-icin","status":"publish","type":"post","link":"https:\/\/ydy.aku.edu.tr\/en\/2026\/06\/08\/2025-2026-bahar-donemi-aku-ydys-kat-b-sinavi-basvuru-formu-eski-istege-bagli-hazirlik-ogrencileri-icin\/","title":{"rendered":"2025-2026 Bahar D\u00f6nemi AKU-YDYS Kat. B S\u0131nav\u0131 Ba\u015fvuru Formu (Eski \u0130ste\u011fe Ba\u011fl\u0131 Haz\u0131rl\u0131k \u00d6\u011frencileri i\u00e7in)"},"content":{"rendered":"<p>Bu form yaln\u0131zca 2025-2026 E\u011fitim-\u00d6\u011fretim y\u0131l\u0131 \u00f6ncesi kay\u0131tl\u0131 olup\u00a0<b>daha \u00f6nce haz\u0131rl\u0131k e\u011fitiminden ba\u015far\u0131s\u0131z olmu\u015f C Grubu (\u0130ste\u011fe Ba\u011fl\u0131) <\/b>\u00f6\u011frencileri taraf\u0131ndan doldurulacakt\u0131r.<\/p>\n<p><span style=\"font-size: 14pt\"><strong>2025-2026 y\u0131l\u0131nda kay\u0131tl\u0131 \u00f6\u011frenciler bu formu doldurmayacaklard\u0131r.\u00a0<\/strong><\/span><\/p>\n<p>2025- 2026 Bahar d\u00f6nemi AKU YDYS (Kat. B) s\u0131nav\u0131 12 Haziran 2026 tarihinde ger\u00e7ekle\u015ftirilecektir.<\/p>\n<div><b>Formun Doldurulaca\u011f\u0131 Son Tarih: <\/b>10 Haziran saat 23:59.<\/div>\n<div><b>\u00a0<\/b><\/div>\n<div>\n<div><b>L\u00fctfen FORMDAK\u0130 bilgileri eksiksiz ve do\u011fru bir \u015feklinde doldurunuz.\u00a0<\/b><\/div>\n<\/div>\n<div><\/div>\n<div>T\u00fcm \u00f6\u011frencilerimize ba\u015far\u0131lar dileriz.<\/div>\n<p><strong>Formu doldurmak i\u00e7in <a href=\"https:\/\/forms.gle\/J1MzaBv4RWmbNGgAA\">t\u0131klay\u0131n\u0131z<\/a>.\u00a0<\/strong><\/p>\n","protected":false},"excerpt":{"rendered":"<p>Bu form yaln\u0131zca 2025-2026 E\u011fitim-\u00d6\u011fretim y\u0131l\u0131 \u00f6ncesi kay\u0131tl\u0131 olup\u00a0daha \u00f6nce haz\u0131rl\u0131k e\u011fitiminden ba\u015far\u0131s\u0131z olmu\u015f C Grubu (\u0130ste\u011fe Ba\u011fl\u0131) \u00f6\u011frencileri taraf\u0131ndan doldurulacakt\u0131r. 2025-2026 y\u0131l\u0131nda kay\u0131tl\u0131 \u00f6\u011frenciler bu formu doldurmayacaklard\u0131r.\u00a0 2025- 2026 Bahar d\u00f6nemi AKU YDYS (Kat. B) s\u0131nav\u0131 12 Haziran 2026 tarihinde ger\u00e7ekle\u015ftirilecektir. Formun Doldurulaca\u011f\u0131 Son Tarih: 10 Haziran saat 23:59. \u00a0 L\u00fctfen FORMDAK\u0130 bilgileri eksiksiz [&hellip;]<\/p>\n","protected":false},"author":250,"featured_media":0,"comment_status":"closed","ping_status":"closed","sticky":false,"template":"","format":"standard","meta":{"footnotes":""},"categories":[2],"tags":[],"class_list":["post-2505","post","type-post","status-publish","format-standard","hentry","category-duyurular"],"_links":{"self":[{"href":"https:\/\/ydy.aku.edu.tr\/en\/wp-json\/wp\/v2\/posts\/2505","targetHints":{"allow":["GET"]}}],"collection":[{"href":"https:\/\/ydy.aku.edu.tr\/en\/wp-json\/wp\/v2\/posts"}],"about":[{"href":"https:\/\/ydy.aku.edu.tr\/en\/wp-json\/wp\/v2\/types\/post"}],"author":[{"embeddable":true,"href":"https:\/\/ydy.aku.edu.tr\/en\/wp-json\/wp\/v2\/users\/250"}],"replies":[{"embeddable":true,"href":"https:\/\/ydy.aku.edu.tr\/en\/wp-json\/wp\/v2\/comments?post=2505"}],"version-history":[{"count":2,"href":"https:\/\/ydy.aku.edu.tr\/en\/wp-json\/wp\/v2\/posts\/2505\/revisions"}],"predecessor-version":[{"id":2507,"href":"https:\/\/ydy.aku.edu.tr\/en\/wp-json\/wp\/v2\/posts\/2505\/revisions\/2507"}],"wp:attachment":[{"href":"https:\/\/ydy.aku.edu.tr\/en\/wp-json\/wp\/v2\/media?parent=2505"}],"wp:term":[{"taxonomy":"category","embeddable":true,"href":"https:\/\/ydy.aku.edu.tr\/en\/wp-json\/wp\/v2\/categories?post=2505"},{"taxonomy":"post_tag","embeddable":true,"href":"https:\/\/ydy.aku.edu.tr\/en\/wp-json\/wp\/v2\/tags?post=2505"}],"curies":[{"name":"wp","href":"https:\/\/api.w.org\/{rel}","templated":true}]}}