{"id":2374,"date":"2025-10-27T15:24:50","date_gmt":"2025-10-27T12:24:50","guid":{"rendered":"https:\/\/ydy.aku.edu.tr\/?p=2374"},"modified":"2026-01-05T15:59:48","modified_gmt":"2026-01-05T12:59:48","slug":"28-ekim-cumhuriyet-bayrami-konseri","status":"publish","type":"post","link":"https:\/\/ydy.aku.edu.tr\/en\/2025\/10\/27\/28-ekim-cumhuriyet-bayrami-konseri\/","title":{"rendered":"29 Ekim Cumhuriyet Bayram\u0131 Konseri"},"content":{"rendered":"<p>28 Ekim 2025 tarihinde saat 11:30&#8217;ta y\u00fcksekokulumuz konferans salonunda &#8216;Happy Republic Day&#8217; konseri d\u00fczenlenecektir.<\/p>\n<p>T\u00fcm akademik personel ve \u00f6\u011frencilerimiz davetlidir.<\/p>\n<p><a href=\"https:\/\/ydy.aku.edu.tr\/?attachment_id=2375\"><img loading=\"lazy\" decoding=\"async\" class=\" wp-image-2375 aligncenter\" src=\"https:\/\/ydy.aku.edu.tr\/wp-content\/uploads\/sites\/76\/2025\/10\/WhatsApp-Image-2025-10-26-at-23.28.24-240x300.jpeg\" alt=\"\" width=\"358\" height=\"448\" srcset=\"https:\/\/ydy.aku.edu.tr\/wp-content\/uploads\/sites\/76\/2025\/10\/WhatsApp-Image-2025-10-26-at-23.28.24-240x300.jpeg 240w, https:\/\/ydy.aku.edu.tr\/wp-content\/uploads\/sites\/76\/2025\/10\/WhatsApp-Image-2025-10-26-at-23.28.24-820x1024.jpeg 820w, https:\/\/ydy.aku.edu.tr\/wp-content\/uploads\/sites\/76\/2025\/10\/WhatsApp-Image-2025-10-26-at-23.28.24-768x959.jpeg 768w, https:\/\/ydy.aku.edu.tr\/wp-content\/uploads\/sites\/76\/2025\/10\/WhatsApp-Image-2025-10-26-at-23.28.24-1230x1536.jpeg 1230w, https:\/\/ydy.aku.edu.tr\/wp-content\/uploads\/sites\/76\/2025\/10\/WhatsApp-Image-2025-10-26-at-23.28.24-289x361.jpeg 289w, https:\/\/ydy.aku.edu.tr\/wp-content\/uploads\/sites\/76\/2025\/10\/WhatsApp-Image-2025-10-26-at-23.28.24.jpeg 1586w\" sizes=\"auto, (max-width: 358px) 100vw, 358px\" \/><\/a><\/p>\n","protected":false},"excerpt":{"rendered":"<p>28 Ekim 2025 tarihinde saat 11:30&#8217;ta y\u00fcksekokulumuz konferans salonunda &#8216;Happy Republic Day&#8217; konseri d\u00fczenlenecektir. T\u00fcm akademik personel ve \u00f6\u011frencilerimiz davetlidir.<\/p>\n","protected":false},"author":250,"featured_media":0,"comment_status":"closed","ping_status":"closed","sticky":false,"template":"","format":"standard","meta":{"footnotes":""},"categories":[3],"tags":[],"class_list":["post-2374","post","type-post","status-publish","format-standard","hentry","category-etkinlikler"],"_links":{"self":[{"href":"https:\/\/ydy.aku.edu.tr\/en\/wp-json\/wp\/v2\/posts\/2374","targetHints":{"allow":["GET"]}}],"collection":[{"href":"https:\/\/ydy.aku.edu.tr\/en\/wp-json\/wp\/v2\/posts"}],"about":[{"href":"https:\/\/ydy.aku.edu.tr\/en\/wp-json\/wp\/v2\/types\/post"}],"author":[{"embeddable":true,"href":"https:\/\/ydy.aku.edu.tr\/en\/wp-json\/wp\/v2\/users\/250"}],"replies":[{"embeddable":true,"href":"https:\/\/ydy.aku.edu.tr\/en\/wp-json\/wp\/v2\/comments?post=2374"}],"version-history":[{"count":5,"href":"https:\/\/ydy.aku.edu.tr\/en\/wp-json\/wp\/v2\/posts\/2374\/revisions"}],"predecessor-version":[{"id":2426,"href":"https:\/\/ydy.aku.edu.tr\/en\/wp-json\/wp\/v2\/posts\/2374\/revisions\/2426"}],"wp:attachment":[{"href":"https:\/\/ydy.aku.edu.tr\/en\/wp-json\/wp\/v2\/media?parent=2374"}],"wp:term":[{"taxonomy":"category","embeddable":true,"href":"https:\/\/ydy.aku.edu.tr\/en\/wp-json\/wp\/v2\/categories?post=2374"},{"taxonomy":"post_tag","embeddable":true,"href":"https:\/\/ydy.aku.edu.tr\/en\/wp-json\/wp\/v2\/tags?post=2374"}],"curies":[{"name":"wp","href":"https:\/\/api.w.org\/{rel}","templated":true}]}}