{"id":2298,"date":"2025-09-19T20:37:54","date_gmt":"2025-09-19T17:37:54","guid":{"rendered":"https:\/\/ydy.aku.edu.tr\/?p=2298"},"modified":"2025-09-19T20:46:00","modified_gmt":"2025-09-19T17:46:00","slug":"2025-2026-akademik-yili-oryantasyon-duyurusu","status":"publish","type":"post","link":"https:\/\/ydy.aku.edu.tr\/en\/2025\/09\/19\/2025-2026-akademik-yili-oryantasyon-duyurusu\/","title":{"rendered":"2025-2026 Akademik Y\u0131l\u0131 Oryantasyon Duyurusu"},"content":{"rendered":"<p>2025-2026 e\u011fitim-\u00f6\u011fretim y\u0131l\u0131 haz\u0131rl\u0131k \u00f6\u011frencilerimize y\u00f6nelik yap\u0131lacak olan oryantasyon e\u011fitimleri \u015fu \u015fekildedir:<\/p>\n<p><span style=\"font-size: 14pt\"><strong>(!!! E\u011fitimler iki farkl\u0131 g\u00fcnde ger\u00e7ekle\u015ftirilecektir. L\u00fctfen hangi grubun \u00f6\u011frencisiyseniz o grubun program\u0131na kat\u0131l\u0131n!)<\/strong><\/span><\/p>\n<p>(Oryantasyon program\u0131nda okula, derslere ve i\u015fleyi\u015fe y\u00f6nelik detayl\u0131 bilgi verilecektir. Dolay\u0131s\u0131yla t\u00fcm \u00f6\u011frencilerimizin kat\u0131l\u0131m\u0131 beklenmektedir.)<\/p>\n<p><strong>(!!! Derslerin ba\u015flang\u0131\u00e7 tarihi oryantasyon program\u0131nda size a\u00e7\u0131klanacakt\u0131r. O nedenle oryantasyon program\u0131ndan \u00f6nce okula gelmenize gerek yoktur.)<\/strong><\/p>\n<p>? <strong>A GRUBU (\u0130ngilizce \u00d6\u011fretmenli\u011fi ve \u0130ng. M\u00fctercim ve Terc\u00fcmanl\u0131k) HAZIRLIK PROGRAMI \u00d6\u011eRENC\u0130LER\u0130N\u0130N ORYANTASYON PROGRAMI<\/strong>:<\/p>\n<p>? <strong>TAR\u0130H:<\/strong> 23 EYL\u00dcL 2025<\/p>\n<p>\u23f0 <strong>SAAT:<\/strong> 10.00<\/p>\n<p>? <strong>YER:<\/strong> Ahmet Karahisari Kamp\u00fcs\u00fc 1. Kat Seminer Salonu<\/p>\n<p>? <strong>\u00a0TUR\u0130ZM VE GASTRONOM\u0130 Y\u00d6NET\u0130M\u0130 HAZIRLIK PROGRAMI \u00d6\u011eRENC\u0130LER\u0130N\u0130N ORYANTASYON PROGRAMI<\/strong>:<\/p>\n<p>? <strong>TAR\u0130H:<\/strong> 23 EYL\u00dcL 2025<\/p>\n<p>\u23f0 <strong>SAAT:<\/strong> 13.00<\/p>\n<p>? <strong>YER:<\/strong> Ahmet Karahisari Kamp\u00fcs\u00fc 1. Kat Seminer Salonu<\/p>\n<p>? <strong>\u00a0B (\u0130ngilizce \u0130\u015fletme) ve C GRUBU (\u0130ste\u011fe Ba\u011fl\u0131) HAZIRLIK PROGRAMI \u00d6\u011eRENC\u0130LER\u0130N\u0130N ORYANTASYON PROGRAMI<\/strong>:<\/p>\n<p>? <strong>TAR\u0130H:<\/strong> 24 EYL\u00dcL 2025<\/p>\n<p>\u23f0 <strong>SAAT:<\/strong> 10.00<\/p>\n<p>? <strong>YER:<\/strong> Ahmet Necdet Sezer Kamp\u00fcs\u00fc E\u011fitim Fak\u00fcltesi Abdullah Kaptan Konferans Salonu<\/p>\n","protected":false},"excerpt":{"rendered":"<p>2025-2026 e\u011fitim-\u00f6\u011fretim y\u0131l\u0131 haz\u0131rl\u0131k \u00f6\u011frencilerimize y\u00f6nelik yap\u0131lacak olan oryantasyon e\u011fitimleri \u015fu \u015fekildedir: (!!! E\u011fitimler iki farkl\u0131 g\u00fcnde ger\u00e7ekle\u015ftirilecektir. L\u00fctfen hangi grubun \u00f6\u011frencisiyseniz o grubun program\u0131na kat\u0131l\u0131n!) (Oryantasyon program\u0131nda okula, derslere ve i\u015fleyi\u015fe y\u00f6nelik detayl\u0131 bilgi verilecektir. Dolay\u0131s\u0131yla t\u00fcm \u00f6\u011frencilerimizin kat\u0131l\u0131m\u0131 beklenmektedir.) (!!! Derslerin ba\u015flang\u0131\u00e7 tarihi oryantasyon program\u0131nda size a\u00e7\u0131klanacakt\u0131r. O nedenle oryantasyon program\u0131ndan \u00f6nce okula [&hellip;]<\/p>\n","protected":false},"author":250,"featured_media":0,"comment_status":"closed","ping_status":"closed","sticky":false,"template":"","format":"standard","meta":{"footnotes":""},"categories":[2],"tags":[],"class_list":["post-2298","post","type-post","status-publish","format-standard","hentry","category-duyurular"],"_links":{"self":[{"href":"https:\/\/ydy.aku.edu.tr\/en\/wp-json\/wp\/v2\/posts\/2298","targetHints":{"allow":["GET"]}}],"collection":[{"href":"https:\/\/ydy.aku.edu.tr\/en\/wp-json\/wp\/v2\/posts"}],"about":[{"href":"https:\/\/ydy.aku.edu.tr\/en\/wp-json\/wp\/v2\/types\/post"}],"author":[{"embeddable":true,"href":"https:\/\/ydy.aku.edu.tr\/en\/wp-json\/wp\/v2\/users\/250"}],"replies":[{"embeddable":true,"href":"https:\/\/ydy.aku.edu.tr\/en\/wp-json\/wp\/v2\/comments?post=2298"}],"version-history":[{"count":3,"href":"https:\/\/ydy.aku.edu.tr\/en\/wp-json\/wp\/v2\/posts\/2298\/revisions"}],"predecessor-version":[{"id":2301,"href":"https:\/\/ydy.aku.edu.tr\/en\/wp-json\/wp\/v2\/posts\/2298\/revisions\/2301"}],"wp:attachment":[{"href":"https:\/\/ydy.aku.edu.tr\/en\/wp-json\/wp\/v2\/media?parent=2298"}],"wp:term":[{"taxonomy":"category","embeddable":true,"href":"https:\/\/ydy.aku.edu.tr\/en\/wp-json\/wp\/v2\/categories?post=2298"},{"taxonomy":"post_tag","embeddable":true,"href":"https:\/\/ydy.aku.edu.tr\/en\/wp-json\/wp\/v2\/tags?post=2298"}],"curies":[{"name":"wp","href":"https:\/\/api.w.org\/{rel}","templated":true}]}}