{"id":2294,"date":"2025-09-14T16:36:38","date_gmt":"2025-09-14T13:36:38","guid":{"rendered":"https:\/\/ydy.aku.edu.tr\/?p=2294"},"modified":"2025-09-14T16:36:38","modified_gmt":"2025-09-14T13:36:38","slug":"istege-bagli-hazirliktan-ayrilmak-isteyen-ogrencilerin-dikkatine","status":"publish","type":"post","link":"https:\/\/ydy.aku.edu.tr\/en\/2025\/09\/14\/istege-bagli-hazirliktan-ayrilmak-isteyen-ogrencilerin-dikkatine\/","title":{"rendered":"\u0130ste\u011fe Ba\u011fl\u0131 Haz\u0131rl\u0131ktan Ayr\u0131lmak \u0130steyen \u00d6\u011frencilerin Dikkatine"},"content":{"rendered":"<p><strong>\u0130ste\u011fe ba\u011fl\u0131 haz\u0131rl\u0131ktan<\/strong> ayr\u0131l\u0131p b\u00f6l\u00fcmlerine ge\u00e7mek isteyen \u00f6\u011frencilerin <strong>18 Eyl\u00fcl tarihine kadar<\/strong> \u00f6\u011frencisi olduklar\u0131 <strong>fak\u00fcltelerine<\/strong> dilek\u00e7e vermeleri gerekmektedir. Ayr\u0131ca dilek\u00e7enin foto\u011fraf\u0131n\u0131 da yine 18 Eyl\u00fcl tarihine kadar <strong>ydy@aku.edu.tr<\/strong> adresine g\u00f6ndermeleri gerekmektedir.<\/p>\n","protected":false},"excerpt":{"rendered":"<p>\u0130ste\u011fe ba\u011fl\u0131 haz\u0131rl\u0131ktan ayr\u0131l\u0131p b\u00f6l\u00fcmlerine ge\u00e7mek isteyen \u00f6\u011frencilerin 18 Eyl\u00fcl tarihine kadar \u00f6\u011frencisi olduklar\u0131 fak\u00fcltelerine dilek\u00e7e vermeleri gerekmektedir. Ayr\u0131ca dilek\u00e7enin foto\u011fraf\u0131n\u0131 da yine 18 Eyl\u00fcl tarihine kadar ydy@aku.edu.tr adresine g\u00f6ndermeleri gerekmektedir.<\/p>\n","protected":false},"author":250,"featured_media":0,"comment_status":"closed","ping_status":"closed","sticky":false,"template":"","format":"standard","meta":{"footnotes":""},"categories":[2],"tags":[],"class_list":["post-2294","post","type-post","status-publish","format-standard","hentry","category-duyurular"],"_links":{"self":[{"href":"https:\/\/ydy.aku.edu.tr\/en\/wp-json\/wp\/v2\/posts\/2294","targetHints":{"allow":["GET"]}}],"collection":[{"href":"https:\/\/ydy.aku.edu.tr\/en\/wp-json\/wp\/v2\/posts"}],"about":[{"href":"https:\/\/ydy.aku.edu.tr\/en\/wp-json\/wp\/v2\/types\/post"}],"author":[{"embeddable":true,"href":"https:\/\/ydy.aku.edu.tr\/en\/wp-json\/wp\/v2\/users\/250"}],"replies":[{"embeddable":true,"href":"https:\/\/ydy.aku.edu.tr\/en\/wp-json\/wp\/v2\/comments?post=2294"}],"version-history":[{"count":1,"href":"https:\/\/ydy.aku.edu.tr\/en\/wp-json\/wp\/v2\/posts\/2294\/revisions"}],"predecessor-version":[{"id":2295,"href":"https:\/\/ydy.aku.edu.tr\/en\/wp-json\/wp\/v2\/posts\/2294\/revisions\/2295"}],"wp:attachment":[{"href":"https:\/\/ydy.aku.edu.tr\/en\/wp-json\/wp\/v2\/media?parent=2294"}],"wp:term":[{"taxonomy":"category","embeddable":true,"href":"https:\/\/ydy.aku.edu.tr\/en\/wp-json\/wp\/v2\/categories?post=2294"},{"taxonomy":"post_tag","embeddable":true,"href":"https:\/\/ydy.aku.edu.tr\/en\/wp-json\/wp\/v2\/tags?post=2294"}],"curies":[{"name":"wp","href":"https:\/\/api.w.org\/{rel}","templated":true}]}}