{"id":2250,"date":"2025-09-02T20:39:21","date_gmt":"2025-09-02T17:39:21","guid":{"rendered":"https:\/\/ydy.aku.edu.tr\/?p=2250"},"modified":"2025-09-02T20:50:21","modified_gmt":"2025-09-02T17:50:21","slug":"aku-ydys-kat-a-ve-b-sinavlarina-iliskin-duyuru","status":"publish","type":"post","link":"https:\/\/ydy.aku.edu.tr\/en\/2025\/09\/02\/aku-ydys-kat-a-ve-b-sinavlarina-iliskin-duyuru\/","title":{"rendered":"AKU YDYS Kat. A ve B S\u0131navlar\u0131na \u0130li\u015fkin Duyuru"},"content":{"rendered":"<p><strong>10-11 Eyl\u00fcl 2025<\/strong> tarihlerinde ger\u00e7ekle\u015ftirilecek olan AKU YDYS Kat. A ve B S\u0131navlar\u0131 <strong>ANS Kamp\u00fcs\u00fc Turizm Fak\u00fcltesi<\/strong> binas\u0131nda yap\u0131lacakt\u0131r. \u00d6\u011frencilerimizin duyurulan s\u0131nav saatlerinden <strong>en az 15 dakika \u00f6ncesinde<\/strong> s\u0131nav yerinde haz\u0131r bulunmas\u0131 gerekmektedir. <strong>S\u0131nav salonlar\u0131 ayr\u0131ca duyurulacakt\u0131r.<\/strong><\/p>\n<p>!!! \u00d6\u011frencilerimizin <strong>\u00f6\u011frenci numaralar\u0131n\u0131<\/strong> \u00f6\u011frenerek s\u0131nava gelmeleri gerekmektedir.<\/p>\n<p>L\u00fctfen girece\u011finiz s\u0131navla (Kat. A veya B) ilgili bilgileri dikkatle okuyunuz.<\/p>\n<p><span style=\"font-size: 14pt\"><strong>AKU YDYS KATEGOR\u0130 A SINAVI:\u00a0<\/strong><\/span><\/p>\n<p><a href=\"https:\/\/ydy.aku.edu.tr\/wp-content\/uploads\/sites\/76\/2025\/09\/YDYS-GROUP-A-EXAM-INFO-for-students.pdf\">AKU YDYS KATEGOR\u0130 A SINAVINA \u0130L\u0130\u015eK\u0130N B\u0130LG\u0130LEND\u0130RME\u00a0\u00a0<\/a><\/p>\n<p><a href=\"https:\/\/ydy.aku.edu.tr\/wp-content\/uploads\/sites\/76\/2025\/09\/YDYS-GROUP-A-Speaking-Exam-Info.pdf\">AKU YDYS KATEGOR\u0130 A KONU\u015eMA SINAVINA \u0130L\u0130\u015eK\u0130N B\u0130LG\u0130LEND\u0130RME\u00a0<\/a><\/p>\n<p><span style=\"font-size: 14pt\"><strong>AKU YDYS KATEGOR\u0130 B SINAVI:\u00a0<\/strong><\/span><\/p>\n<p><a href=\"https:\/\/ydy.aku.edu.tr\/wp-content\/uploads\/sites\/76\/2025\/09\/YDYS-KAT.-B-Duyuru.pdf\">AKU YDYS KATEGOR\u0130 B SINAVINA \u0130L\u0130\u015eK\u0130N B\u0130LG\u0130LEND\u0130RME <\/a><strong>(\u0130NG\u0130L\u0130ZCE \u0130\u015eLETME + TUR\u0130ZM VE GASTRONOM\u0130 Y\u00d6NET\u0130M\u0130 B\u00d6L\u00dcM\u00dc \u00d6\u011eRENC\u0130LER\u0130 \u0130\u00c7\u0130N)<\/strong><\/p>\n<p><a href=\"https:\/\/ydy.aku.edu.tr\/wp-content\/uploads\/sites\/76\/2025\/09\/Konusma-sinav-TG-yonetimi-duyuru.pdf\">AKU YDYS KATEGOR\u0130 B KONU\u015eMA SINAVINA \u0130L\u0130\u015eK\u0130N B\u0130LG\u0130LEND\u0130RME<\/a> <strong>(SADECE TUR\u0130ZM VE GASTRONOM\u0130 Y\u00d6NET\u0130M\u0130 B\u00d6L\u00dcM\u00dc \u00d6\u011eRENC\u0130LER\u0130 \u0130\u00c7\u0130N)<\/strong><\/p>\n<p>T\u00fcm \u00f6\u011frencilerimize ba\u015far\u0131lar dileriz.<\/p>\n","protected":false},"excerpt":{"rendered":"<p>10-11 Eyl\u00fcl 2025 tarihlerinde ger\u00e7ekle\u015ftirilecek olan AKU YDYS Kat. A ve B S\u0131navlar\u0131 ANS Kamp\u00fcs\u00fc Turizm Fak\u00fcltesi binas\u0131nda yap\u0131lacakt\u0131r. \u00d6\u011frencilerimizin duyurulan s\u0131nav saatlerinden en az 15 dakika \u00f6ncesinde s\u0131nav yerinde haz\u0131r bulunmas\u0131 gerekmektedir. S\u0131nav salonlar\u0131 ayr\u0131ca duyurulacakt\u0131r. !!! \u00d6\u011frencilerimizin \u00f6\u011frenci numaralar\u0131n\u0131 \u00f6\u011frenerek s\u0131nava gelmeleri gerekmektedir. L\u00fctfen girece\u011finiz s\u0131navla (Kat. A veya B) ilgili bilgileri dikkatle [&hellip;]<\/p>\n","protected":false},"author":250,"featured_media":0,"comment_status":"closed","ping_status":"closed","sticky":false,"template":"","format":"standard","meta":{"footnotes":""},"categories":[2],"tags":[],"class_list":["post-2250","post","type-post","status-publish","format-standard","hentry","category-duyurular"],"_links":{"self":[{"href":"https:\/\/ydy.aku.edu.tr\/en\/wp-json\/wp\/v2\/posts\/2250","targetHints":{"allow":["GET"]}}],"collection":[{"href":"https:\/\/ydy.aku.edu.tr\/en\/wp-json\/wp\/v2\/posts"}],"about":[{"href":"https:\/\/ydy.aku.edu.tr\/en\/wp-json\/wp\/v2\/types\/post"}],"author":[{"embeddable":true,"href":"https:\/\/ydy.aku.edu.tr\/en\/wp-json\/wp\/v2\/users\/250"}],"replies":[{"embeddable":true,"href":"https:\/\/ydy.aku.edu.tr\/en\/wp-json\/wp\/v2\/comments?post=2250"}],"version-history":[{"count":2,"href":"https:\/\/ydy.aku.edu.tr\/en\/wp-json\/wp\/v2\/posts\/2250\/revisions"}],"predecessor-version":[{"id":2257,"href":"https:\/\/ydy.aku.edu.tr\/en\/wp-json\/wp\/v2\/posts\/2250\/revisions\/2257"}],"wp:attachment":[{"href":"https:\/\/ydy.aku.edu.tr\/en\/wp-json\/wp\/v2\/media?parent=2250"}],"wp:term":[{"taxonomy":"category","embeddable":true,"href":"https:\/\/ydy.aku.edu.tr\/en\/wp-json\/wp\/v2\/categories?post=2250"},{"taxonomy":"post_tag","embeddable":true,"href":"https:\/\/ydy.aku.edu.tr\/en\/wp-json\/wp\/v2\/tags?post=2250"}],"curies":[{"name":"wp","href":"https:\/\/api.w.org\/{rel}","templated":true}]}}