{"id":2233,"date":"2025-08-29T11:41:57","date_gmt":"2025-08-29T08:41:57","guid":{"rendered":"https:\/\/ydy.aku.edu.tr\/?p=2233"},"modified":"2025-09-25T19:34:17","modified_gmt":"2025-09-25T16:34:17","slug":"yuksekokulumuz-adres-degisikligine-iliskin-onemli-bilgilendirme","status":"publish","type":"post","link":"https:\/\/ydy.aku.edu.tr\/en\/2025\/08\/29\/yuksekokulumuz-adres-degisikligine-iliskin-onemli-bilgilendirme\/","title":{"rendered":"Y\u00fcksekokulumuz Adres De\u011fi\u015fikli\u011fine \u0130li\u015fkin \u00d6nemli Bilgilendirme"},"content":{"rendered":"<p>Y\u00fcksekokulumuz 2025-2026 akademik y\u0131l\u0131 itibariyle <strong>Ahmet Karahisari Kamp\u00fcs\u00fc<\/strong>&#8216;nde e\u011fitim-\u00f6\u011fretim faaliyetlerine devam edecektir.<\/p>\n<p>10-11 Eyl\u00fcl 2025 tarihlerinde yap\u0131lacak olan AKU YDYS Kat. A ve B S\u0131navlar\u0131 <strong>ANS Kamp\u00fcs\u00fc<\/strong>&#8216;nde ger\u00e7ekle\u015ftirilecektir. S\u0131nav yeri ve saatiyle ilgili detayl\u0131 bilgi buradan tekrar duyurulacakt\u0131r.<\/p>\n<p>22 Eyl\u00fcl 2025 tarihinden itibaren derslere <strong>Ahmet Karahisari Kamp\u00fcs\u00fc<\/strong>&#8216;nde ba\u015flanacakt\u0131r.<\/p>\n<p>&nbsp;<\/p>\n<p><strong>Ahmet Karahisari Kamp\u00fcs\u00fc:<\/strong><\/p>\n<p>Mare\u015fal Fevzi \u00c7akmak Mah. 405 Sok. No:5 Merkez \/ AFYONKARAH\u0130SAR<\/p>\n<p><a href=\"https:\/\/maps.app.goo.gl\/98FoJhL68FEptDVd6\" target=\"_blank\" rel=\"noopener noreferrer\">Haritada g\u00f6rmek i\u00e7in t\u0131klay\u0131n\u0131z.<\/a><\/p>\n<p>&nbsp;<\/p>\n<p>&nbsp;<\/p>\n","protected":false},"excerpt":{"rendered":"<p>Y\u00fcksekokulumuz 2025-2026 akademik y\u0131l\u0131 itibariyle Ahmet Karahisari Kamp\u00fcs\u00fc&#8216;nde e\u011fitim-\u00f6\u011fretim faaliyetlerine devam edecektir. 10-11 Eyl\u00fcl 2025 tarihlerinde yap\u0131lacak olan AKU YDYS Kat. A ve B S\u0131navlar\u0131 ANS Kamp\u00fcs\u00fc&#8216;nde ger\u00e7ekle\u015ftirilecektir. S\u0131nav yeri ve saatiyle ilgili detayl\u0131 bilgi buradan tekrar duyurulacakt\u0131r. 22 Eyl\u00fcl 2025 tarihinden itibaren derslere Ahmet Karahisari Kamp\u00fcs\u00fc&#8216;nde ba\u015flanacakt\u0131r. &nbsp; Ahmet Karahisari Kamp\u00fcs\u00fc: Mare\u015fal Fevzi \u00c7akmak [&hellip;]<\/p>\n","protected":false},"author":250,"featured_media":0,"comment_status":"closed","ping_status":"closed","sticky":false,"template":"","format":"standard","meta":{"footnotes":""},"categories":[2],"tags":[],"class_list":["post-2233","post","type-post","status-publish","format-standard","hentry","category-duyurular"],"_links":{"self":[{"href":"https:\/\/ydy.aku.edu.tr\/en\/wp-json\/wp\/v2\/posts\/2233","targetHints":{"allow":["GET"]}}],"collection":[{"href":"https:\/\/ydy.aku.edu.tr\/en\/wp-json\/wp\/v2\/posts"}],"about":[{"href":"https:\/\/ydy.aku.edu.tr\/en\/wp-json\/wp\/v2\/types\/post"}],"author":[{"embeddable":true,"href":"https:\/\/ydy.aku.edu.tr\/en\/wp-json\/wp\/v2\/users\/250"}],"replies":[{"embeddable":true,"href":"https:\/\/ydy.aku.edu.tr\/en\/wp-json\/wp\/v2\/comments?post=2233"}],"version-history":[{"count":2,"href":"https:\/\/ydy.aku.edu.tr\/en\/wp-json\/wp\/v2\/posts\/2233\/revisions"}],"predecessor-version":[{"id":2235,"href":"https:\/\/ydy.aku.edu.tr\/en\/wp-json\/wp\/v2\/posts\/2233\/revisions\/2235"}],"wp:attachment":[{"href":"https:\/\/ydy.aku.edu.tr\/en\/wp-json\/wp\/v2\/media?parent=2233"}],"wp:term":[{"taxonomy":"category","embeddable":true,"href":"https:\/\/ydy.aku.edu.tr\/en\/wp-json\/wp\/v2\/categories?post=2233"},{"taxonomy":"post_tag","embeddable":true,"href":"https:\/\/ydy.aku.edu.tr\/en\/wp-json\/wp\/v2\/tags?post=2233"}],"curies":[{"name":"wp","href":"https:\/\/api.w.org\/{rel}","templated":true}]}}