{"id":2197,"date":"2025-08-24T21:56:31","date_gmt":"2025-08-24T18:56:31","guid":{"rendered":"https:\/\/ydy.aku.edu.tr\/?p=2197"},"modified":"2025-09-27T14:27:13","modified_gmt":"2025-09-27T11:27:13","slug":"2025-2026-guz-donemi-aku-ydys-kat-a-ve-b-basvuru-formu","status":"publish","type":"post","link":"https:\/\/ydy.aku.edu.tr\/en\/2025\/08\/24\/2025-2026-guz-donemi-aku-ydys-kat-a-ve-b-basvuru-formu\/","title":{"rendered":"2025-2026 G\u00fcz D\u00f6nemi AKU YDYS (Kat. A ve B) Ba\u015fvuru Formu"},"content":{"rendered":"<p>2025- 2026 G\u00fcz d\u00f6nemi AKU YDYS (Kat. A ve B) s\u0131navlar\u0131 <strong>10-11 Eyl\u00fcl 2025<\/strong> tarihlerinde ger\u00e7ekle\u015ftirilecektir. A\u015fa\u011f\u0131daki bilgileri okuduktan sonra sayfa sonundaki ba\u015fvuru formundan ba\u015fvurunuzu ger\u00e7ekle\u015ftirebilirsiniz.<\/p>\n<p><strong><span style=\"text-decoration: underline\">AKU YDYS KAT. A S\u0131nav\u0131 (2 A\u015fama 3 Oturum)<\/span><\/strong><\/p>\n<p><b>\u23f0 10 EYL\u00dcL 2025 saat 09.30<\/b>\u00a0(1. A\u015fama<b>*<\/b>)<\/p>\n<p><b>\u00a0 \u00a0 \u00a0 10 EYL\u00dcL 2025 saat<\/b><b> 13.00 <\/b>\u00a0<b>&amp;<\/b>\u00a0<b>11 EYL\u00dcL 2025 saat 09.30<\/b>\u00a0(2. A\u015fama<b>*<\/b>)<\/p>\n<p>?\u200d? <strong>Kimler Girebilir?<\/strong><\/p>\n<ul>\n<li>Yeni kay\u0131tl\u0131 <u>A Grubu program\u0131<\/u>\u00a0(\u0130ngilizce \u00d6\u011fretmenli\u011fi ve M\u00fctercim Terc\u00fcmanl\u0131k \u0130ngilizce b\u00f6l\u00fcm\u00fc) \u00f6\u011frencileri<\/li>\n<li>\u00d6nceki y\u0131llarda okulumuzda haz\u0131rl\u0131k e\u011fitimi al\u0131p ba\u015far\u0131s\u0131z olmu\u015f\u00a0 <u>A Grubu program\u0131<\/u>\u00a0 \u00f6\u011frencileri<\/li>\n<\/ul>\n<p><strong>AKU YDYS Kat. A S\u0131nav\u0131na ili\u015fkin \u00f6nemli bilgiler:<\/strong><\/p>\n<div>A Grubu Program\u0131 \u00f6\u011frencilerinin girecekleri AKU YDYS (Kategori A) S\u0131nav\u0131 2 a\u015fama 3 oturumdan olu\u015fmaktad\u0131r.\u00a0 S\u0131nav\u0131n ilk a\u015famas\u0131 10 Eyl\u00fcl sabah\u0131 ger\u00e7ekle\u015ftirilecektir. Bu a\u015famadan<b>\u00a070 ve \u00fczeri puan alan \u00f6\u011frenciler<\/b>\u00a0ikinci a\u015famaya girebileceklerdir. \u0130kinci a\u015faman\u0131n\u00a0<u>ilk oturumu<\/u>\u00a0(<b>Dinleme ve Yazma s\u0131nav\u0131<\/b>)\u00a0 10 Eyl\u00fcl \u00f6\u011fleden sonra ger\u00e7ekle\u015ftirilecektir. <span style=\"text-decoration: underline\">\u0130<\/span><u>kinci oturumu<\/u>\u00a0(<b>Konu\u015fma s\u0131nav\u0131<\/b>) ise 11 Eyl\u00fcl g\u00fcn\u00fc sabah yap\u0131lacakt\u0131r. Bu s\u0131nav ile ilgili daha detayl\u0131 bilgi edinmek i\u00e7in:<\/div>\n<div><\/div>\n<div><\/div>\n<div><a href=\"https:\/\/ydy.aku.edu.tr\/zorunlu-ingilizce-hazirlik-egitimi\/\">https:\/\/ydy.aku.edu.tr\/zorunlu-ingilizce-hazirlik-egitimi\/<\/a><\/div>\n<div><a href=\"https:\/\/ydy.aku.edu.tr\/yeterlilik-sinavi\/\">https:\/\/ydy.aku.edu.tr\/yeterlilik-sinavi\/<\/a><\/div>\n<p>&nbsp;<\/p>\n<p><strong><span style=\"text-decoration: underline\">AKU YDYS KAT. B S\u0131nav\u0131 (1 A\u015fama)<\/span><\/strong><\/p>\n<p><b>\u23f0 11 EYL\u00dcL 2025 saat 09.00<\/b>\u00a0(1. A\u015fama)<\/p>\n<p>?\u200d? <strong>Kimler Girebilir?<\/strong><\/p>\n<ul>\n<li>Yeni kay\u0131tl\u0131\u00a0<u>B Grubu program\u0131<\/u> (\u0130ngilizce \u0130\u015fletme) \u00f6\u011frencileri<\/li>\n<li>\u00d6nceki y\u0131llarda \u0130ngilizce Haz\u0131rl\u0131k s\u0131n\u0131f\u0131 e\u011fitiminden <b>ba\u015far\u0131s\u0131z<\/b>\u00a0olan\u00a0<u>B Grubu program<\/u>\u0131 ve <u>C Grubu program\u0131<\/u> (iste\u011fe ba\u011fl\u0131) \u00f6\u011frencileri<\/li>\n<\/ul>\n<p>&nbsp;<\/p>\n<p>Ba\u015fvuru formuna ula\u015fmak i\u00e7in<strong><a href=\"https:\/\/forms.gle\/3Ujim9SCMjQWdae7A\"> t\u0131klay\u0131n\u0131z.\u00a0<\/a><\/strong><\/p>\n","protected":false},"excerpt":{"rendered":"<p>2025- 2026 G\u00fcz d\u00f6nemi AKU YDYS (Kat. A ve B) s\u0131navlar\u0131 10-11 Eyl\u00fcl 2025 tarihlerinde ger\u00e7ekle\u015ftirilecektir. A\u015fa\u011f\u0131daki bilgileri okuduktan sonra sayfa sonundaki ba\u015fvuru formundan ba\u015fvurunuzu ger\u00e7ekle\u015ftirebilirsiniz. AKU YDYS KAT. A S\u0131nav\u0131 (2 A\u015fama 3 Oturum) \u23f0 10 EYL\u00dcL 2025 saat 09.30\u00a0(1. A\u015fama*) \u00a0 \u00a0 \u00a0 10 EYL\u00dcL 2025 saat 13.00 \u00a0&amp;\u00a011 EYL\u00dcL 2025 saat 09.30\u00a0(2. [&hellip;]<\/p>\n","protected":false},"author":250,"featured_media":0,"comment_status":"closed","ping_status":"closed","sticky":false,"template":"","format":"standard","meta":{"footnotes":""},"categories":[2],"tags":[],"class_list":["post-2197","post","type-post","status-publish","format-standard","hentry","category-duyurular"],"_links":{"self":[{"href":"https:\/\/ydy.aku.edu.tr\/en\/wp-json\/wp\/v2\/posts\/2197","targetHints":{"allow":["GET"]}}],"collection":[{"href":"https:\/\/ydy.aku.edu.tr\/en\/wp-json\/wp\/v2\/posts"}],"about":[{"href":"https:\/\/ydy.aku.edu.tr\/en\/wp-json\/wp\/v2\/types\/post"}],"author":[{"embeddable":true,"href":"https:\/\/ydy.aku.edu.tr\/en\/wp-json\/wp\/v2\/users\/250"}],"replies":[{"embeddable":true,"href":"https:\/\/ydy.aku.edu.tr\/en\/wp-json\/wp\/v2\/comments?post=2197"}],"version-history":[{"count":6,"href":"https:\/\/ydy.aku.edu.tr\/en\/wp-json\/wp\/v2\/posts\/2197\/revisions"}],"predecessor-version":[{"id":2203,"href":"https:\/\/ydy.aku.edu.tr\/en\/wp-json\/wp\/v2\/posts\/2197\/revisions\/2203"}],"wp:attachment":[{"href":"https:\/\/ydy.aku.edu.tr\/en\/wp-json\/wp\/v2\/media?parent=2197"}],"wp:term":[{"taxonomy":"category","embeddable":true,"href":"https:\/\/ydy.aku.edu.tr\/en\/wp-json\/wp\/v2\/categories?post=2197"},{"taxonomy":"post_tag","embeddable":true,"href":"https:\/\/ydy.aku.edu.tr\/en\/wp-json\/wp\/v2\/tags?post=2197"}],"curies":[{"name":"wp","href":"https:\/\/api.w.org\/{rel}","templated":true}]}}