{"id":2095,"date":"2025-05-12T10:43:42","date_gmt":"2025-05-12T07:43:42","guid":{"rendered":"https:\/\/ydy.aku.edu.tr\/?p=2095"},"modified":"2025-05-12T10:52:49","modified_gmt":"2025-05-12T07:52:49","slug":"end-of-year-etkinligi-farewell-to-school","status":"publish","type":"post","link":"https:\/\/ydy.aku.edu.tr\/en\/2025\/05\/12\/end-of-year-etkinligi-farewell-to-school\/","title":{"rendered":"&#8220;End of Year&#8221; Etkinlik (Farewell to School) Duyurusu"},"content":{"rendered":"<p>13 May\u0131s 2025 tarihinde saat 11:00&#8217;de \u0130brahim K\u00fc\u00e7\u00fckkurt Konferans Salonu&#8217;nda y\u00fcksekokulumuz taraf\u0131ndan &#8220;End of Year&#8221; etkinli\u011fi d\u00fczenlenecektir.<\/p>\n<p>T\u00fcm personel ve \u00f6\u011frencilerimiz davetlidir.<\/p>\n<p><a href=\"https:\/\/ydy.aku.edu.tr\/wp-content\/uploads\/sites\/76\/2025\/05\/WhatsApp-Image-2025-05-06-at-16.26.04.jpeg\" rel=\"lightbox[2095]\"><img loading=\"lazy\" decoding=\"async\" class=\"size-medium wp-image-2100 aligncenter\" src=\"https:\/\/ydy.aku.edu.tr\/wp-content\/uploads\/sites\/76\/2025\/05\/WhatsApp-Image-2025-05-06-at-16.26.04-300x300.jpeg\" alt=\"\" width=\"300\" height=\"300\" srcset=\"https:\/\/ydy.aku.edu.tr\/wp-content\/uploads\/sites\/76\/2025\/05\/WhatsApp-Image-2025-05-06-at-16.26.04-300x300.jpeg 300w, https:\/\/ydy.aku.edu.tr\/wp-content\/uploads\/sites\/76\/2025\/05\/WhatsApp-Image-2025-05-06-at-16.26.04-1024x1021.jpeg 1024w, https:\/\/ydy.aku.edu.tr\/wp-content\/uploads\/sites\/76\/2025\/05\/WhatsApp-Image-2025-05-06-at-16.26.04-150x150.jpeg 150w, https:\/\/ydy.aku.edu.tr\/wp-content\/uploads\/sites\/76\/2025\/05\/WhatsApp-Image-2025-05-06-at-16.26.04-768x766.jpeg 768w, https:\/\/ydy.aku.edu.tr\/wp-content\/uploads\/sites\/76\/2025\/05\/WhatsApp-Image-2025-05-06-at-16.26.04-362x361.jpeg 362w, https:\/\/ydy.aku.edu.tr\/wp-content\/uploads\/sites\/76\/2025\/05\/WhatsApp-Image-2025-05-06-at-16.26.04.jpeg 1078w\" sizes=\"auto, (max-width: 300px) 100vw, 300px\" \/><\/a><\/p>\n","protected":false},"excerpt":{"rendered":"<p>13 May\u0131s 2025 tarihinde saat 11:00&#8217;de \u0130brahim K\u00fc\u00e7\u00fckkurt Konferans Salonu&#8217;nda y\u00fcksekokulumuz taraf\u0131ndan &#8220;End of Year&#8221; etkinli\u011fi d\u00fczenlenecektir. T\u00fcm personel ve \u00f6\u011frencilerimiz davetlidir.<\/p>\n","protected":false},"author":250,"featured_media":0,"comment_status":"closed","ping_status":"closed","sticky":false,"template":"","format":"standard","meta":{"footnotes":""},"categories":[2],"tags":[],"class_list":["post-2095","post","type-post","status-publish","format-standard","hentry","category-duyurular"],"_links":{"self":[{"href":"https:\/\/ydy.aku.edu.tr\/en\/wp-json\/wp\/v2\/posts\/2095","targetHints":{"allow":["GET"]}}],"collection":[{"href":"https:\/\/ydy.aku.edu.tr\/en\/wp-json\/wp\/v2\/posts"}],"about":[{"href":"https:\/\/ydy.aku.edu.tr\/en\/wp-json\/wp\/v2\/types\/post"}],"author":[{"embeddable":true,"href":"https:\/\/ydy.aku.edu.tr\/en\/wp-json\/wp\/v2\/users\/250"}],"replies":[{"embeddable":true,"href":"https:\/\/ydy.aku.edu.tr\/en\/wp-json\/wp\/v2\/comments?post=2095"}],"version-history":[{"count":3,"href":"https:\/\/ydy.aku.edu.tr\/en\/wp-json\/wp\/v2\/posts\/2095\/revisions"}],"predecessor-version":[{"id":2101,"href":"https:\/\/ydy.aku.edu.tr\/en\/wp-json\/wp\/v2\/posts\/2095\/revisions\/2101"}],"wp:attachment":[{"href":"https:\/\/ydy.aku.edu.tr\/en\/wp-json\/wp\/v2\/media?parent=2095"}],"wp:term":[{"taxonomy":"category","embeddable":true,"href":"https:\/\/ydy.aku.edu.tr\/en\/wp-json\/wp\/v2\/categories?post=2095"},{"taxonomy":"post_tag","embeddable":true,"href":"https:\/\/ydy.aku.edu.tr\/en\/wp-json\/wp\/v2\/tags?post=2095"}],"curies":[{"name":"wp","href":"https:\/\/api.w.org\/{rel}","templated":true}]}}