{"id":2083,"date":"2025-04-30T12:45:14","date_gmt":"2025-04-30T09:45:14","guid":{"rendered":"https:\/\/ydy.aku.edu.tr\/?p=2083"},"modified":"2025-04-30T12:45:14","modified_gmt":"2025-04-30T09:45:14","slug":"garden-party-duyurusu","status":"publish","type":"post","link":"https:\/\/ydy.aku.edu.tr\/en\/2025\/04\/30\/garden-party-duyurusu\/","title":{"rendered":"&#8220;Garden Party&#8221; Duyurusu"},"content":{"rendered":"<p>Y\u00fcksekokulumuz taraf\u0131ndan 7 May\u0131s 2025 tarihinde &#8220;Garden Party&#8221; d\u00fczenlenecektir. Etkinlikle ilgili afi\u015fler a\u015fa\u011f\u0131da payla\u015f\u0131lm\u0131\u015ft\u0131r.<\/p>\n<p>T\u00fcm \u00f6\u011frenci ve personelimizin kat\u0131l\u0131m\u0131n\u0131 beklemekteyiz.<\/p>\n<p><a href=\"https:\/\/ydy.aku.edu.tr\/wp-content\/uploads\/sites\/76\/2025\/04\/GP1.jpeg\" rel=\"lightbox[2083]\"><img loading=\"lazy\" decoding=\"async\" class=\"alignnone size-medium wp-image-2084\" src=\"https:\/\/ydy.aku.edu.tr\/wp-content\/uploads\/sites\/76\/2025\/04\/GP1-300x300.jpeg\" alt=\"\" width=\"300\" height=\"300\" srcset=\"https:\/\/ydy.aku.edu.tr\/wp-content\/uploads\/sites\/76\/2025\/04\/GP1-300x300.jpeg 300w, https:\/\/ydy.aku.edu.tr\/wp-content\/uploads\/sites\/76\/2025\/04\/GP1-150x150.jpeg 150w, https:\/\/ydy.aku.edu.tr\/wp-content\/uploads\/sites\/76\/2025\/04\/GP1-768x766.jpeg 768w, https:\/\/ydy.aku.edu.tr\/wp-content\/uploads\/sites\/76\/2025\/04\/GP1-362x361.jpeg 362w, https:\/\/ydy.aku.edu.tr\/wp-content\/uploads\/sites\/76\/2025\/04\/GP1.jpeg 898w\" sizes=\"auto, (max-width: 300px) 100vw, 300px\" \/><\/a> <a href=\"https:\/\/ydy.aku.edu.tr\/wp-content\/uploads\/sites\/76\/2025\/04\/GP2.jpeg\" rel=\"lightbox[2083]\"><img loading=\"lazy\" decoding=\"async\" class=\"alignnone size-medium wp-image-2085\" src=\"https:\/\/ydy.aku.edu.tr\/wp-content\/uploads\/sites\/76\/2025\/04\/GP2-300x300.jpeg\" alt=\"\" width=\"300\" height=\"300\" srcset=\"https:\/\/ydy.aku.edu.tr\/wp-content\/uploads\/sites\/76\/2025\/04\/GP2-300x300.jpeg 300w, https:\/\/ydy.aku.edu.tr\/wp-content\/uploads\/sites\/76\/2025\/04\/GP2-1024x1024.jpeg 1024w, https:\/\/ydy.aku.edu.tr\/wp-content\/uploads\/sites\/76\/2025\/04\/GP2-150x150.jpeg 150w, https:\/\/ydy.aku.edu.tr\/wp-content\/uploads\/sites\/76\/2025\/04\/GP2-768x768.jpeg 768w, https:\/\/ydy.aku.edu.tr\/wp-content\/uploads\/sites\/76\/2025\/04\/GP2-361x361.jpeg 361w, https:\/\/ydy.aku.edu.tr\/wp-content\/uploads\/sites\/76\/2025\/04\/GP2.jpeg 1080w\" sizes=\"auto, (max-width: 300px) 100vw, 300px\" \/><\/a><\/p>\n","protected":false},"excerpt":{"rendered":"<p>Y\u00fcksekokulumuz taraf\u0131ndan 7 May\u0131s 2025 tarihinde &#8220;Garden Party&#8221; d\u00fczenlenecektir. Etkinlikle ilgili afi\u015fler a\u015fa\u011f\u0131da payla\u015f\u0131lm\u0131\u015ft\u0131r. T\u00fcm \u00f6\u011frenci ve personelimizin kat\u0131l\u0131m\u0131n\u0131 beklemekteyiz.<\/p>\n","protected":false},"author":250,"featured_media":0,"comment_status":"closed","ping_status":"closed","sticky":false,"template":"","format":"standard","meta":{"footnotes":""},"categories":[2],"tags":[],"class_list":["post-2083","post","type-post","status-publish","format-standard","hentry","category-duyurular"],"_links":{"self":[{"href":"https:\/\/ydy.aku.edu.tr\/en\/wp-json\/wp\/v2\/posts\/2083","targetHints":{"allow":["GET"]}}],"collection":[{"href":"https:\/\/ydy.aku.edu.tr\/en\/wp-json\/wp\/v2\/posts"}],"about":[{"href":"https:\/\/ydy.aku.edu.tr\/en\/wp-json\/wp\/v2\/types\/post"}],"author":[{"embeddable":true,"href":"https:\/\/ydy.aku.edu.tr\/en\/wp-json\/wp\/v2\/users\/250"}],"replies":[{"embeddable":true,"href":"https:\/\/ydy.aku.edu.tr\/en\/wp-json\/wp\/v2\/comments?post=2083"}],"version-history":[{"count":1,"href":"https:\/\/ydy.aku.edu.tr\/en\/wp-json\/wp\/v2\/posts\/2083\/revisions"}],"predecessor-version":[{"id":2086,"href":"https:\/\/ydy.aku.edu.tr\/en\/wp-json\/wp\/v2\/posts\/2083\/revisions\/2086"}],"wp:attachment":[{"href":"https:\/\/ydy.aku.edu.tr\/en\/wp-json\/wp\/v2\/media?parent=2083"}],"wp:term":[{"taxonomy":"category","embeddable":true,"href":"https:\/\/ydy.aku.edu.tr\/en\/wp-json\/wp\/v2\/categories?post=2083"},{"taxonomy":"post_tag","embeddable":true,"href":"https:\/\/ydy.aku.edu.tr\/en\/wp-json\/wp\/v2\/tags?post=2083"}],"curies":[{"name":"wp","href":"https:\/\/api.w.org\/{rel}","templated":true}]}}