{"id":2077,"date":"2025-04-30T12:42:19","date_gmt":"2025-04-30T09:42:19","guid":{"rendered":"https:\/\/ydy.aku.edu.tr\/?p=2077"},"modified":"2025-04-30T12:42:19","modified_gmt":"2025-04-30T09:42:19","slug":"davranissal-bagimliliklar-konulu-konferans-2","status":"publish","type":"post","link":"https:\/\/ydy.aku.edu.tr\/en\/2025\/04\/30\/davranissal-bagimliliklar-konulu-konferans-2\/","title":{"rendered":"&#8220;Davran\u0131\u015fsal Ba\u011f\u0131ml\u0131l\u0131klar&#8221; Konulu Konferans"},"content":{"rendered":"<p>Y\u00fcksekokulumuz \u00f6\u011frencilerine y\u00f6nelik &#8220;Davran\u0131\u015fsal Ba\u011f\u0131ml\u0131l\u0131klar&#8221; konulu konferans 24 Nisan 2025 tarihinde d\u00fczenlenmi\u015ftir.<\/p>\n<p>Konferansta \u00f6\u011frencilerimizle de\u011ferli bilgilerini payla\u015fan Psikolog Numan HARPUTLUG\u0130L&#8217; e ve konferansa kat\u0131lan t\u00fcm \u00f6\u011frenci ve akademik personelimize te\u015fekk\u00fcr ederiz.<\/p>\n<p><a href=\"https:\/\/ydy.aku.edu.tr\/wp-content\/uploads\/sites\/76\/2025\/04\/Konferans-1.jpeg\" rel=\"lightbox[2077]\"><img loading=\"lazy\" decoding=\"async\" class=\"alignnone size-medium wp-image-2078\" src=\"https:\/\/ydy.aku.edu.tr\/wp-content\/uploads\/sites\/76\/2025\/04\/Konferans-1-300x225.jpeg\" alt=\"\" width=\"300\" height=\"225\" srcset=\"https:\/\/ydy.aku.edu.tr\/wp-content\/uploads\/sites\/76\/2025\/04\/Konferans-1-300x225.jpeg 300w, https:\/\/ydy.aku.edu.tr\/wp-content\/uploads\/sites\/76\/2025\/04\/Konferans-1-1024x768.jpeg 1024w, https:\/\/ydy.aku.edu.tr\/wp-content\/uploads\/sites\/76\/2025\/04\/Konferans-1-768x576.jpeg 768w, https:\/\/ydy.aku.edu.tr\/wp-content\/uploads\/sites\/76\/2025\/04\/Konferans-1-1536x1152.jpeg 1536w, https:\/\/ydy.aku.edu.tr\/wp-content\/uploads\/sites\/76\/2025\/04\/Konferans-1-481x361.jpeg 481w, https:\/\/ydy.aku.edu.tr\/wp-content\/uploads\/sites\/76\/2025\/04\/Konferans-1.jpeg 1600w\" sizes=\"auto, (max-width: 300px) 100vw, 300px\" \/><\/a> <a href=\"https:\/\/ydy.aku.edu.tr\/wp-content\/uploads\/sites\/76\/2025\/04\/Konferans-2.jpeg\" rel=\"lightbox[2077]\"><img loading=\"lazy\" decoding=\"async\" class=\"alignnone size-medium wp-image-2079\" src=\"https:\/\/ydy.aku.edu.tr\/wp-content\/uploads\/sites\/76\/2025\/04\/Konferans-2-300x225.jpeg\" alt=\"\" width=\"300\" height=\"225\" srcset=\"https:\/\/ydy.aku.edu.tr\/wp-content\/uploads\/sites\/76\/2025\/04\/Konferans-2-300x225.jpeg 300w, https:\/\/ydy.aku.edu.tr\/wp-content\/uploads\/sites\/76\/2025\/04\/Konferans-2-1024x768.jpeg 1024w, https:\/\/ydy.aku.edu.tr\/wp-content\/uploads\/sites\/76\/2025\/04\/Konferans-2-768x576.jpeg 768w, https:\/\/ydy.aku.edu.tr\/wp-content\/uploads\/sites\/76\/2025\/04\/Konferans-2-1536x1152.jpeg 1536w, https:\/\/ydy.aku.edu.tr\/wp-content\/uploads\/sites\/76\/2025\/04\/Konferans-2-481x361.jpeg 481w, https:\/\/ydy.aku.edu.tr\/wp-content\/uploads\/sites\/76\/2025\/04\/Konferans-2.jpeg 1600w\" sizes=\"auto, (max-width: 300px) 100vw, 300px\" \/><\/a> <a href=\"https:\/\/ydy.aku.edu.tr\/wp-content\/uploads\/sites\/76\/2025\/04\/Konferans-3.jpeg\" rel=\"lightbox[2077]\"><img loading=\"lazy\" decoding=\"async\" class=\"alignnone size-medium wp-image-2080\" src=\"https:\/\/ydy.aku.edu.tr\/wp-content\/uploads\/sites\/76\/2025\/04\/Konferans-3-300x225.jpeg\" alt=\"\" width=\"300\" height=\"225\" srcset=\"https:\/\/ydy.aku.edu.tr\/wp-content\/uploads\/sites\/76\/2025\/04\/Konferans-3-300x225.jpeg 300w, https:\/\/ydy.aku.edu.tr\/wp-content\/uploads\/sites\/76\/2025\/04\/Konferans-3-1024x768.jpeg 1024w, https:\/\/ydy.aku.edu.tr\/wp-content\/uploads\/sites\/76\/2025\/04\/Konferans-3-768x576.jpeg 768w, https:\/\/ydy.aku.edu.tr\/wp-content\/uploads\/sites\/76\/2025\/04\/Konferans-3-1536x1152.jpeg 1536w, https:\/\/ydy.aku.edu.tr\/wp-content\/uploads\/sites\/76\/2025\/04\/Konferans-3-481x361.jpeg 481w, https:\/\/ydy.aku.edu.tr\/wp-content\/uploads\/sites\/76\/2025\/04\/Konferans-3.jpeg 1600w\" sizes=\"auto, (max-width: 300px) 100vw, 300px\" \/><\/a><\/p>\n","protected":false},"excerpt":{"rendered":"<p>Y\u00fcksekokulumuz \u00f6\u011frencilerine y\u00f6nelik &#8220;Davran\u0131\u015fsal Ba\u011f\u0131ml\u0131l\u0131klar&#8221; konulu konferans 24 Nisan 2025 tarihinde d\u00fczenlenmi\u015ftir. Konferansta \u00f6\u011frencilerimizle de\u011ferli bilgilerini payla\u015fan Psikolog Numan HARPUTLUG\u0130L&#8217; e ve konferansa kat\u0131lan t\u00fcm \u00f6\u011frenci ve akademik personelimize te\u015fekk\u00fcr ederiz.<\/p>\n","protected":false},"author":250,"featured_media":0,"comment_status":"closed","ping_status":"closed","sticky":false,"template":"","format":"standard","meta":{"footnotes":""},"categories":[3],"tags":[],"class_list":["post-2077","post","type-post","status-publish","format-standard","hentry","category-etkinlikler"],"_links":{"self":[{"href":"https:\/\/ydy.aku.edu.tr\/en\/wp-json\/wp\/v2\/posts\/2077","targetHints":{"allow":["GET"]}}],"collection":[{"href":"https:\/\/ydy.aku.edu.tr\/en\/wp-json\/wp\/v2\/posts"}],"about":[{"href":"https:\/\/ydy.aku.edu.tr\/en\/wp-json\/wp\/v2\/types\/post"}],"author":[{"embeddable":true,"href":"https:\/\/ydy.aku.edu.tr\/en\/wp-json\/wp\/v2\/users\/250"}],"replies":[{"embeddable":true,"href":"https:\/\/ydy.aku.edu.tr\/en\/wp-json\/wp\/v2\/comments?post=2077"}],"version-history":[{"count":2,"href":"https:\/\/ydy.aku.edu.tr\/en\/wp-json\/wp\/v2\/posts\/2077\/revisions"}],"predecessor-version":[{"id":2082,"href":"https:\/\/ydy.aku.edu.tr\/en\/wp-json\/wp\/v2\/posts\/2077\/revisions\/2082"}],"wp:attachment":[{"href":"https:\/\/ydy.aku.edu.tr\/en\/wp-json\/wp\/v2\/media?parent=2077"}],"wp:term":[{"taxonomy":"category","embeddable":true,"href":"https:\/\/ydy.aku.edu.tr\/en\/wp-json\/wp\/v2\/categories?post=2077"},{"taxonomy":"post_tag","embeddable":true,"href":"https:\/\/ydy.aku.edu.tr\/en\/wp-json\/wp\/v2\/tags?post=2077"}],"curies":[{"name":"wp","href":"https:\/\/api.w.org\/{rel}","templated":true}]}}