{"id":2071,"date":"2025-04-21T12:33:40","date_gmt":"2025-04-21T09:33:40","guid":{"rendered":"https:\/\/ydy.aku.edu.tr\/?p=2071"},"modified":"2025-04-21T12:33:40","modified_gmt":"2025-04-21T09:33:40","slug":"davranissal-bagimliliklar-konulu-konferans","status":"publish","type":"post","link":"https:\/\/ydy.aku.edu.tr\/en\/2025\/04\/21\/davranissal-bagimliliklar-konulu-konferans\/","title":{"rendered":"Davran\u0131\u015fsal Ba\u011f\u0131ml\u0131l\u0131klar Konulu Konferans"},"content":{"rendered":"<p>24 Nisan 2025 Per\u015fembe g\u00fcn\u00fc saat 11:00&#8217;de y\u00fcksekokulumuz binas\u0131nda Turizm Fak\u00fcltesi Reha Kora Konferans Salonu&#8217;nda &#8220;Davran\u0131\u015fsal Ba\u011f\u0131ml\u0131l\u0131klar&#8221; konulu konferans d\u00fczenlenecektir. T\u00fcm \u00f6\u011frencilerimizin kat\u0131l\u0131m\u0131 rica olunur.<\/p>\n<p style=\"text-align: center\"><a href=\"https:\/\/ydy.aku.edu.tr\/wp-content\/uploads\/sites\/76\/2025\/04\/Davranissal-Bagimliliklar-Konulu-Konferans-scaled.jpeg\" rel=\"lightbox[2071]\"><img loading=\"lazy\" decoding=\"async\" class=\"alignnone  wp-image-2072\" src=\"https:\/\/ydy.aku.edu.tr\/wp-content\/uploads\/sites\/76\/2025\/04\/Davranissal-Bagimliliklar-Konulu-Konferans-212x300.jpeg\" alt=\"\" width=\"280\" height=\"396\" srcset=\"https:\/\/ydy.aku.edu.tr\/wp-content\/uploads\/sites\/76\/2025\/04\/Davranissal-Bagimliliklar-Konulu-Konferans-212x300.jpeg 212w, https:\/\/ydy.aku.edu.tr\/wp-content\/uploads\/sites\/76\/2025\/04\/Davranissal-Bagimliliklar-Konulu-Konferans-724x1024.jpeg 724w, https:\/\/ydy.aku.edu.tr\/wp-content\/uploads\/sites\/76\/2025\/04\/Davranissal-Bagimliliklar-Konulu-Konferans-768x1086.jpeg 768w, https:\/\/ydy.aku.edu.tr\/wp-content\/uploads\/sites\/76\/2025\/04\/Davranissal-Bagimliliklar-Konulu-Konferans-1086x1536.jpeg 1086w, https:\/\/ydy.aku.edu.tr\/wp-content\/uploads\/sites\/76\/2025\/04\/Davranissal-Bagimliliklar-Konulu-Konferans-1448x2048.jpeg 1448w, https:\/\/ydy.aku.edu.tr\/wp-content\/uploads\/sites\/76\/2025\/04\/Davranissal-Bagimliliklar-Konulu-Konferans-255x361.jpeg 255w, https:\/\/ydy.aku.edu.tr\/wp-content\/uploads\/sites\/76\/2025\/04\/Davranissal-Bagimliliklar-Konulu-Konferans-scaled.jpeg 1810w\" sizes=\"auto, (max-width: 280px) 100vw, 280px\" \/><\/a><\/p>\n","protected":false},"excerpt":{"rendered":"<p>24 Nisan 2025 Per\u015fembe g\u00fcn\u00fc saat 11:00&#8217;de y\u00fcksekokulumuz binas\u0131nda Turizm Fak\u00fcltesi Reha Kora Konferans Salonu&#8217;nda &#8220;Davran\u0131\u015fsal Ba\u011f\u0131ml\u0131l\u0131klar&#8221; konulu konferans d\u00fczenlenecektir. T\u00fcm \u00f6\u011frencilerimizin kat\u0131l\u0131m\u0131 rica olunur.<\/p>\n","protected":false},"author":250,"featured_media":0,"comment_status":"closed","ping_status":"closed","sticky":false,"template":"","format":"standard","meta":{"footnotes":""},"categories":[2],"tags":[],"class_list":["post-2071","post","type-post","status-publish","format-standard","hentry","category-duyurular"],"_links":{"self":[{"href":"https:\/\/ydy.aku.edu.tr\/en\/wp-json\/wp\/v2\/posts\/2071","targetHints":{"allow":["GET"]}}],"collection":[{"href":"https:\/\/ydy.aku.edu.tr\/en\/wp-json\/wp\/v2\/posts"}],"about":[{"href":"https:\/\/ydy.aku.edu.tr\/en\/wp-json\/wp\/v2\/types\/post"}],"author":[{"embeddable":true,"href":"https:\/\/ydy.aku.edu.tr\/en\/wp-json\/wp\/v2\/users\/250"}],"replies":[{"embeddable":true,"href":"https:\/\/ydy.aku.edu.tr\/en\/wp-json\/wp\/v2\/comments?post=2071"}],"version-history":[{"count":3,"href":"https:\/\/ydy.aku.edu.tr\/en\/wp-json\/wp\/v2\/posts\/2071\/revisions"}],"predecessor-version":[{"id":2075,"href":"https:\/\/ydy.aku.edu.tr\/en\/wp-json\/wp\/v2\/posts\/2071\/revisions\/2075"}],"wp:attachment":[{"href":"https:\/\/ydy.aku.edu.tr\/en\/wp-json\/wp\/v2\/media?parent=2071"}],"wp:term":[{"taxonomy":"category","embeddable":true,"href":"https:\/\/ydy.aku.edu.tr\/en\/wp-json\/wp\/v2\/categories?post=2071"},{"taxonomy":"post_tag","embeddable":true,"href":"https:\/\/ydy.aku.edu.tr\/en\/wp-json\/wp\/v2\/tags?post=2071"}],"curies":[{"name":"wp","href":"https:\/\/api.w.org\/{rel}","templated":true}]}}