{"id":1873,"date":"2024-12-06T12:59:32","date_gmt":"2024-12-06T09:59:32","guid":{"rendered":"https:\/\/ydy.aku.edu.tr\/?p=1873"},"modified":"2024-12-06T12:59:45","modified_gmt":"2024-12-06T09:59:45","slug":"yuksekokulumuz-danisma-kurulu-toplantisi","status":"publish","type":"post","link":"https:\/\/ydy.aku.edu.tr\/en\/2024\/12\/06\/yuksekokulumuz-danisma-kurulu-toplantisi\/","title":{"rendered":"Y\u00fcksekokul Dan\u0131\u015fma Kurulu Toplant\u0131s\u0131"},"content":{"rendered":"<p>2024-2025 akademik y\u0131l\u0131 g\u00fcz d\u00f6nemi Y\u00fcksekokul Dan\u0131\u015fma Kurulu Toplant\u0131s\u0131, 05.12.2024 tarihinde Y\u00fcksekokul M\u00fcd\u00fcr\u00fc Do\u00e7. Dr. Cahit ERDEM, Prof. Dr. Murat H\u0130\u015eMANO\u011eLU, Do\u00e7. Dr. Yusuf DEM\u0130R, Dr. \u00d6\u011fr. \u00dcyesi Mustafa POLAT, Y\u00fcksekokul M\u00fcd\u00fcr Yard\u0131mc\u0131lar\u0131 \u00d6\u011fr. G\u00f6r. \u0130lkin UYSAL ve \u015eebnem PETEN ve B\u00f6l\u00fcm Ba\u015fk. \u00d6\u011fr. G\u00f6r. Hatice B\u00dcY\u00dcK\u00c7ET\u0130N&#8217;in kat\u0131l\u0131mlar\u0131yla \u00e7evrimi\u00e7i olarak ger\u00e7ekle\u015ftirilmi\u015ftir. Y\u00fcksekokulla ilgili olarak g\u00fcncel bilgilendirmeler yap\u0131lm\u0131\u015f olup dan\u0131\u015fma kurulu \u00fcyelerinden g\u00f6r\u00fc\u015f ve tavsiyeler al\u0131nm\u0131\u015ft\u0131r.<\/p>\n<p>Kat\u0131l\u0131m g\u00f6steren t\u00fcm kurul \u00fcyelerine te\u015fekk\u00fcr ederiz.<\/p>\n<p><img loading=\"lazy\" decoding=\"async\" class=\"alignnone wp-image-1874\" src=\"https:\/\/ydy.aku.edu.tr\/wp-content\/uploads\/sites\/76\/2024\/12\/Danisma-Kurulu-Toplantisi-1-300x158.jpeg\" alt=\"\" width=\"323\" height=\"170\" srcset=\"https:\/\/ydy.aku.edu.tr\/wp-content\/uploads\/sites\/76\/2024\/12\/Danisma-Kurulu-Toplantisi-1-300x158.jpeg 300w, https:\/\/ydy.aku.edu.tr\/wp-content\/uploads\/sites\/76\/2024\/12\/Danisma-Kurulu-Toplantisi-1-1024x539.jpeg 1024w, https:\/\/ydy.aku.edu.tr\/wp-content\/uploads\/sites\/76\/2024\/12\/Danisma-Kurulu-Toplantisi-1-768x404.jpeg 768w, https:\/\/ydy.aku.edu.tr\/wp-content\/uploads\/sites\/76\/2024\/12\/Danisma-Kurulu-Toplantisi-1-1536x809.jpeg 1536w, https:\/\/ydy.aku.edu.tr\/wp-content\/uploads\/sites\/76\/2024\/12\/Danisma-Kurulu-Toplantisi-1-686x361.jpeg 686w, https:\/\/ydy.aku.edu.tr\/wp-content\/uploads\/sites\/76\/2024\/12\/Danisma-Kurulu-Toplantisi-1.jpeg 1599w\" sizes=\"auto, (max-width: 323px) 100vw, 323px\" \/> <img loading=\"lazy\" decoding=\"async\" class=\"alignnone wp-image-1875\" src=\"https:\/\/ydy.aku.edu.tr\/wp-content\/uploads\/sites\/76\/2024\/12\/Danisma-Kurulu-Toplantisi-300x161.jpeg\" alt=\"\" width=\"317\" height=\"170\" srcset=\"https:\/\/ydy.aku.edu.tr\/wp-content\/uploads\/sites\/76\/2024\/12\/Danisma-Kurulu-Toplantisi-300x161.jpeg 300w, https:\/\/ydy.aku.edu.tr\/wp-content\/uploads\/sites\/76\/2024\/12\/Danisma-Kurulu-Toplantisi-1024x549.jpeg 1024w, https:\/\/ydy.aku.edu.tr\/wp-content\/uploads\/sites\/76\/2024\/12\/Danisma-Kurulu-Toplantisi-768x412.jpeg 768w, https:\/\/ydy.aku.edu.tr\/wp-content\/uploads\/sites\/76\/2024\/12\/Danisma-Kurulu-Toplantisi-1536x824.jpeg 1536w, https:\/\/ydy.aku.edu.tr\/wp-content\/uploads\/sites\/76\/2024\/12\/Danisma-Kurulu-Toplantisi-673x361.jpeg 673w, https:\/\/ydy.aku.edu.tr\/wp-content\/uploads\/sites\/76\/2024\/12\/Danisma-Kurulu-Toplantisi.jpeg 1549w\" sizes=\"auto, (max-width: 317px) 100vw, 317px\" \/><\/p>\n","protected":false},"excerpt":{"rendered":"<p>2024-2025 akademik y\u0131l\u0131 g\u00fcz d\u00f6nemi Y\u00fcksekokul Dan\u0131\u015fma Kurulu Toplant\u0131s\u0131, 05.12.2024 tarihinde Y\u00fcksekokul M\u00fcd\u00fcr\u00fc Do\u00e7. Dr. Cahit ERDEM, Prof. Dr. Murat H\u0130\u015eMANO\u011eLU, Do\u00e7. Dr. Yusuf DEM\u0130R, Dr. \u00d6\u011fr. \u00dcyesi Mustafa POLAT, Y\u00fcksekokul M\u00fcd\u00fcr Yard\u0131mc\u0131lar\u0131 \u00d6\u011fr. G\u00f6r. \u0130lkin UYSAL ve \u015eebnem PETEN ve B\u00f6l\u00fcm Ba\u015fk. \u00d6\u011fr. G\u00f6r. Hatice B\u00dcY\u00dcK\u00c7ET\u0130N&#8217;in kat\u0131l\u0131mlar\u0131yla \u00e7evrimi\u00e7i olarak ger\u00e7ekle\u015ftirilmi\u015ftir. Y\u00fcksekokulla ilgili olarak g\u00fcncel [&hellip;]<\/p>\n","protected":false},"author":250,"featured_media":0,"comment_status":"closed","ping_status":"closed","sticky":false,"template":"","format":"standard","meta":{"footnotes":""},"categories":[3],"tags":[],"class_list":["post-1873","post","type-post","status-publish","format-standard","hentry","category-etkinlikler"],"_links":{"self":[{"href":"https:\/\/ydy.aku.edu.tr\/en\/wp-json\/wp\/v2\/posts\/1873","targetHints":{"allow":["GET"]}}],"collection":[{"href":"https:\/\/ydy.aku.edu.tr\/en\/wp-json\/wp\/v2\/posts"}],"about":[{"href":"https:\/\/ydy.aku.edu.tr\/en\/wp-json\/wp\/v2\/types\/post"}],"author":[{"embeddable":true,"href":"https:\/\/ydy.aku.edu.tr\/en\/wp-json\/wp\/v2\/users\/250"}],"replies":[{"embeddable":true,"href":"https:\/\/ydy.aku.edu.tr\/en\/wp-json\/wp\/v2\/comments?post=1873"}],"version-history":[{"count":3,"href":"https:\/\/ydy.aku.edu.tr\/en\/wp-json\/wp\/v2\/posts\/1873\/revisions"}],"predecessor-version":[{"id":1878,"href":"https:\/\/ydy.aku.edu.tr\/en\/wp-json\/wp\/v2\/posts\/1873\/revisions\/1878"}],"wp:attachment":[{"href":"https:\/\/ydy.aku.edu.tr\/en\/wp-json\/wp\/v2\/media?parent=1873"}],"wp:term":[{"taxonomy":"category","embeddable":true,"href":"https:\/\/ydy.aku.edu.tr\/en\/wp-json\/wp\/v2\/categories?post=1873"},{"taxonomy":"post_tag","embeddable":true,"href":"https:\/\/ydy.aku.edu.tr\/en\/wp-json\/wp\/v2\/tags?post=1873"}],"curies":[{"name":"wp","href":"https:\/\/api.w.org\/{rel}","templated":true}]}}