{"id":1778,"date":"2024-09-18T11:25:05","date_gmt":"2024-09-18T08:25:05","guid":{"rendered":"https:\/\/ydy.aku.edu.tr\/?p=1778"},"modified":"2024-09-18T11:26:51","modified_gmt":"2024-09-18T08:26:51","slug":"18-eylul-aku-ydys-kat-a-sinavi-asama-1-oturum-1-sonuclari","status":"publish","type":"post","link":"https:\/\/ydy.aku.edu.tr\/en\/2024\/09\/18\/18-eylul-aku-ydys-kat-a-sinavi-asama-1-oturum-1-sonuclari\/","title":{"rendered":"18 Eyl\u00fcl AKU YDYS Kat. A S\u0131nav\u0131 A\u015fama 1 Oturum 1 Sonu\u00e7lar\u0131"},"content":{"rendered":"<p><strong>18 Eyl\u00fcl saat 09:00&#8217;da ger\u00e7ekle\u015ftirilen AKU YDYS Kategori A S\u0131nav\u0131 Sonu\u00e7 Listesi i\u00e7in <a href=\"https:\/\/ydy.aku.edu.tr\/wp-content\/uploads\/sites\/76\/2024\/09\/2024-25-A-GRUBU-1.-ASAMA-SONUCLAR-1.pdf\">t\u0131klay\u0131n\u0131z<\/a>.\u00a0<\/strong><\/p>\n<p>S\u0131navda ba\u015far\u0131l\u0131 olan \u00f6\u011frencilerin <strong>18 Eyl\u00fcl (bug\u00fcn) saat 13:00&#8242;<\/strong>de s\u0131nav\u0131n ikinci a\u015famas\u0131na girmesi gerekmektedir. \u00d6\u011frencilerin s\u0131nava girmek i\u00e7in en ge\u00e7 saat 12:45&#8217;te y\u00fcksekokulumuzda haz\u0131r bulunmalar\u0131 gerekmektedir.<\/p>\n<p>Ayr\u0131ca 19 Eyl\u00fcl (yar\u0131n) saat 09:00&#8217;da s\u0131nav\u0131n \u00fc\u00e7\u00fcnc\u00fc oturumu olarak Speaking (Konu\u015fma) s\u0131nav\u0131 yap\u0131lacakt\u0131r. \u00d6\u011frencilerin en ge\u00e7 08:45&#8217;te y\u00fcksekokulumuzda haz\u0131r bulunmalar\u0131 gerekmektedir.<\/p>\n<p>&nbsp;<\/p>\n","protected":false},"excerpt":{"rendered":"<p>18 Eyl\u00fcl saat 09:00&#8217;da ger\u00e7ekle\u015ftirilen AKU YDYS Kategori A S\u0131nav\u0131 Sonu\u00e7 Listesi i\u00e7in t\u0131klay\u0131n\u0131z.\u00a0 S\u0131navda ba\u015far\u0131l\u0131 olan \u00f6\u011frencilerin 18 Eyl\u00fcl (bug\u00fcn) saat 13:00&#8242;de s\u0131nav\u0131n ikinci a\u015famas\u0131na girmesi gerekmektedir. \u00d6\u011frencilerin s\u0131nava girmek i\u00e7in en ge\u00e7 saat 12:45&#8217;te y\u00fcksekokulumuzda haz\u0131r bulunmalar\u0131 gerekmektedir. Ayr\u0131ca 19 Eyl\u00fcl (yar\u0131n) saat 09:00&#8217;da s\u0131nav\u0131n \u00fc\u00e7\u00fcnc\u00fc oturumu olarak Speaking (Konu\u015fma) s\u0131nav\u0131 yap\u0131lacakt\u0131r. \u00d6\u011frencilerin [&hellip;]<\/p>\n","protected":false},"author":250,"featured_media":0,"comment_status":"closed","ping_status":"closed","sticky":false,"template":"","format":"standard","meta":{"footnotes":""},"categories":[2],"tags":[],"class_list":["post-1778","post","type-post","status-publish","format-standard","hentry","category-duyurular"],"_links":{"self":[{"href":"https:\/\/ydy.aku.edu.tr\/en\/wp-json\/wp\/v2\/posts\/1778","targetHints":{"allow":["GET"]}}],"collection":[{"href":"https:\/\/ydy.aku.edu.tr\/en\/wp-json\/wp\/v2\/posts"}],"about":[{"href":"https:\/\/ydy.aku.edu.tr\/en\/wp-json\/wp\/v2\/types\/post"}],"author":[{"embeddable":true,"href":"https:\/\/ydy.aku.edu.tr\/en\/wp-json\/wp\/v2\/users\/250"}],"replies":[{"embeddable":true,"href":"https:\/\/ydy.aku.edu.tr\/en\/wp-json\/wp\/v2\/comments?post=1778"}],"version-history":[{"count":3,"href":"https:\/\/ydy.aku.edu.tr\/en\/wp-json\/wp\/v2\/posts\/1778\/revisions"}],"predecessor-version":[{"id":1782,"href":"https:\/\/ydy.aku.edu.tr\/en\/wp-json\/wp\/v2\/posts\/1778\/revisions\/1782"}],"wp:attachment":[{"href":"https:\/\/ydy.aku.edu.tr\/en\/wp-json\/wp\/v2\/media?parent=1778"}],"wp:term":[{"taxonomy":"category","embeddable":true,"href":"https:\/\/ydy.aku.edu.tr\/en\/wp-json\/wp\/v2\/categories?post=1778"},{"taxonomy":"post_tag","embeddable":true,"href":"https:\/\/ydy.aku.edu.tr\/en\/wp-json\/wp\/v2\/tags?post=1778"}],"curies":[{"name":"wp","href":"https:\/\/api.w.org\/{rel}","templated":true}]}}