{"id":1726,"date":"2024-09-02T15:10:11","date_gmt":"2024-09-02T12:10:11","guid":{"rendered":"https:\/\/ydy.aku.edu.tr\/?p=1726"},"modified":"2024-09-02T16:58:42","modified_gmt":"2024-09-02T13:58:42","slug":"2024-2025-guz-aku-ydys-kat-a-ve-b-yeterlilik-sinavi-basvurulari","status":"publish","type":"post","link":"https:\/\/ydy.aku.edu.tr\/en\/2024\/09\/02\/2024-2025-guz-aku-ydys-kat-a-ve-b-yeterlilik-sinavi-basvurulari\/","title":{"rendered":"2024-2025 G\u00fcz AKU YDYS (Kat. A ve B) (Yeterlilik) S\u0131nav\u0131 Ba\u015fvurular\u0131"},"content":{"rendered":"<p>G\u00fcz d\u00f6nemi AKU YDYS (Kat. A ve B) (Yeterlilik) S\u0131nav\u0131<strong> 18 Eyl\u00fcl 2024 \u00c7ar\u015famba g\u00fcn\u00fc saat 09:00<\/strong>&#8216;da Y\u00fcksekokul binas\u0131nda ger\u00e7ekle\u015ftirilecektir. \u00d6nceki y\u0131llarda okulumuzda haz\u0131rl\u0131k e\u011fitimi al\u0131p ba\u015far\u0131s\u0131z olmu\u015f \u00f6\u011frencilerimizle yeni kay\u0131tl\u0131 A Grubu program\u0131 (\u0130ngilizce \u00d6\u011fretmenli\u011fi ve M\u00fctercim Terc\u00fcmanl\u0131k \u0130ngilizce b\u00f6l\u00fcm\u00fc) \u00f6\u011frencileri ve B Grubu program\u0131 (\u0130ngilizce \u0130\u015fletme) \u00f6\u011frencilerimizin ger\u00e7ekle\u015ftirilecek olan AKU YDYS (Kat. A ve B) (Yeterlilik) s\u0131nav\u0131na ba\u015fvurmalar\u0131 i\u00e7in son tarih 15 Eyl\u00fcl 2024&#8217;t\u00fcr.<\/p>\n<p><strong>A Grubu Program\u0131 \u00f6\u011frencilerinin AKU YDYS Kategori A S\u0131nav\u0131 18- 19 Eyl\u00fcl olmak \u00fczere iki g\u00fcnde ger\u00e7ekle\u015ftirilecektir.<\/strong> S\u0131nav\u0131n ilk a\u015famas\u0131 18 Eyl\u00fcl \u00f6\u011fleden \u00f6nce ger\u00e7ekle\u015ftirilecektir. Bu a\u015famadan 70 ve \u00fczeri alanlar ikinci a\u015famaya girerler. \u0130kinci a\u015faman\u0131n ilk oturumu (Dinleme ve Yazma s\u0131nav\u0131) 18 Eyl\u00fcl \u00f6\u011fleden sonra, ikinci oturumu (Konu\u015fma s\u0131nav\u0131) 19 Eyl\u00fcl g\u00fcn\u00fc yap\u0131lacakt\u0131r.\u00a0\u00a0<strong>B Grubu Program\u0131 \u00f6\u011frencilerinin s\u0131nav\u0131 tek g\u00fcn (18 Eyl\u00fcl) olarak ger\u00e7ekle\u015ftirilecektir.\u00a0\u00a0<\/strong><\/p>\n<p><strong>Mezun durumundaki \u00f6\u011frencilerin s\u0131nava ba\u015fvuru haklar\u0131 bulunmamaktad\u0131r.\u00a0<\/strong><\/p>\n<p><a href=\"https:\/\/forms.gle\/7HdaEbz8GkKdUhET7\"><strong>MUAF\u0130YET SINAVINA BA\u015eVURMAK \u0130\u00c7\u0130N TIKLAYIN.\u00a0<\/strong><\/a><\/p>\n","protected":false},"excerpt":{"rendered":"<p>G\u00fcz d\u00f6nemi AKU YDYS (Kat. A ve B) (Yeterlilik) S\u0131nav\u0131 18 Eyl\u00fcl 2024 \u00c7ar\u015famba g\u00fcn\u00fc saat 09:00&#8216;da Y\u00fcksekokul binas\u0131nda ger\u00e7ekle\u015ftirilecektir. \u00d6nceki y\u0131llarda okulumuzda haz\u0131rl\u0131k e\u011fitimi al\u0131p ba\u015far\u0131s\u0131z olmu\u015f \u00f6\u011frencilerimizle yeni kay\u0131tl\u0131 A Grubu program\u0131 (\u0130ngilizce \u00d6\u011fretmenli\u011fi ve M\u00fctercim Terc\u00fcmanl\u0131k \u0130ngilizce b\u00f6l\u00fcm\u00fc) \u00f6\u011frencileri ve B Grubu program\u0131 (\u0130ngilizce \u0130\u015fletme) \u00f6\u011frencilerimizin ger\u00e7ekle\u015ftirilecek olan AKU YDYS (Kat. A [&hellip;]<\/p>\n","protected":false},"author":250,"featured_media":0,"comment_status":"closed","ping_status":"closed","sticky":false,"template":"","format":"standard","meta":{"footnotes":""},"categories":[2],"tags":[],"class_list":["post-1726","post","type-post","status-publish","format-standard","hentry","category-duyurular"],"_links":{"self":[{"href":"https:\/\/ydy.aku.edu.tr\/en\/wp-json\/wp\/v2\/posts\/1726","targetHints":{"allow":["GET"]}}],"collection":[{"href":"https:\/\/ydy.aku.edu.tr\/en\/wp-json\/wp\/v2\/posts"}],"about":[{"href":"https:\/\/ydy.aku.edu.tr\/en\/wp-json\/wp\/v2\/types\/post"}],"author":[{"embeddable":true,"href":"https:\/\/ydy.aku.edu.tr\/en\/wp-json\/wp\/v2\/users\/250"}],"replies":[{"embeddable":true,"href":"https:\/\/ydy.aku.edu.tr\/en\/wp-json\/wp\/v2\/comments?post=1726"}],"version-history":[{"count":6,"href":"https:\/\/ydy.aku.edu.tr\/en\/wp-json\/wp\/v2\/posts\/1726\/revisions"}],"predecessor-version":[{"id":1736,"href":"https:\/\/ydy.aku.edu.tr\/en\/wp-json\/wp\/v2\/posts\/1726\/revisions\/1736"}],"wp:attachment":[{"href":"https:\/\/ydy.aku.edu.tr\/en\/wp-json\/wp\/v2\/media?parent=1726"}],"wp:term":[{"taxonomy":"category","embeddable":true,"href":"https:\/\/ydy.aku.edu.tr\/en\/wp-json\/wp\/v2\/categories?post=1726"},{"taxonomy":"post_tag","embeddable":true,"href":"https:\/\/ydy.aku.edu.tr\/en\/wp-json\/wp\/v2\/tags?post=1726"}],"curies":[{"name":"wp","href":"https:\/\/api.w.org\/{rel}","templated":true}]}}