{"id":1714,"date":"2024-08-29T11:50:23","date_gmt":"2024-08-29T08:50:23","guid":{"rendered":"https:\/\/ydy.aku.edu.tr\/?p=1714"},"modified":"2024-08-29T11:50:23","modified_gmt":"2024-08-29T08:50:23","slug":"istege-bagli-hazirlik-programindan-vazgecmek-isteyen-ogrencilerin-dikkatine","status":"publish","type":"post","link":"https:\/\/ydy.aku.edu.tr\/en\/2024\/08\/29\/istege-bagli-hazirlik-programindan-vazgecmek-isteyen-ogrencilerin-dikkatine\/","title":{"rendered":"\u0130ste\u011fe Ba\u011fl\u0131 Haz\u0131rl\u0131k Program\u0131ndan Vazge\u00e7mek \u0130steyen \u00d6\u011frencilerin Dikkatine"},"content":{"rendered":"<p>\u00dcniversitemize 2024-2025 Akademik y\u0131l\u0131nda yeni kay\u0131t yapt\u0131rm\u0131\u015f ve kay\u0131t s\u0131ras\u0131nda iste\u011fe ba\u011fl\u0131 haz\u0131rl\u0131k program\u0131na dahil olmak istedi\u011fini beyan etmi\u015f \u00f6\u011frenciler, kararlar\u0131n\u0131 de\u011fi\u015ftirip haz\u0131rl\u0131k e\u011fitimi almaktan vazge\u00e7ebilirler. Bu durumda, bu \u00f6\u011frenciler kay\u0131tl\u0131 olduklar\u0131 fak\u00fclte, y\u00fcksekokul veya konservatuar\u0131n \u00f6\u011frenci i\u015flerine dilek\u00e7e ile ba\u015fvururlar. Bu i\u015flemin <strong>en ge\u00e7 ders kay\u0131t haftas\u0131nda (16-18 Eyl\u00fcl 2024)<\/strong> tamamlanmas\u0131 gerekmektedir. Bu \u00f6\u011frencilerin Yabanc\u0131 Diller Y\u00fcksekokuluna ayr\u0131ca dilek\u00e7e vermesine gerek yoktur.<\/p>\n<p>Ayr\u0131ca, Yabanc\u0131 Dil Haz\u0131rl\u0131k program\u0131na kay\u0131tl\u0131 olan \u00f6\u011frencilerin haz\u0131rl\u0131k program\u0131ndaki akademik ba\u015far\u0131 durumlar\u0131 kredi ve burs durumunu etkileyecektir. \u00d6\u011frencilerimizin bu konuya dikkat etmeleri gerekmektedir.<\/p>\n","protected":false},"excerpt":{"rendered":"<p>\u00dcniversitemize 2024-2025 Akademik y\u0131l\u0131nda yeni kay\u0131t yapt\u0131rm\u0131\u015f ve kay\u0131t s\u0131ras\u0131nda iste\u011fe ba\u011fl\u0131 haz\u0131rl\u0131k program\u0131na dahil olmak istedi\u011fini beyan etmi\u015f \u00f6\u011frenciler, kararlar\u0131n\u0131 de\u011fi\u015ftirip haz\u0131rl\u0131k e\u011fitimi almaktan vazge\u00e7ebilirler. Bu durumda, bu \u00f6\u011frenciler kay\u0131tl\u0131 olduklar\u0131 fak\u00fclte, y\u00fcksekokul veya konservatuar\u0131n \u00f6\u011frenci i\u015flerine dilek\u00e7e ile ba\u015fvururlar. Bu i\u015flemin en ge\u00e7 ders kay\u0131t haftas\u0131nda (16-18 Eyl\u00fcl 2024) tamamlanmas\u0131 gerekmektedir. Bu \u00f6\u011frencilerin [&hellip;]<\/p>\n","protected":false},"author":250,"featured_media":0,"comment_status":"closed","ping_status":"closed","sticky":false,"template":"","format":"standard","meta":{"footnotes":""},"categories":[2],"tags":[],"class_list":["post-1714","post","type-post","status-publish","format-standard","hentry","category-duyurular"],"_links":{"self":[{"href":"https:\/\/ydy.aku.edu.tr\/en\/wp-json\/wp\/v2\/posts\/1714","targetHints":{"allow":["GET"]}}],"collection":[{"href":"https:\/\/ydy.aku.edu.tr\/en\/wp-json\/wp\/v2\/posts"}],"about":[{"href":"https:\/\/ydy.aku.edu.tr\/en\/wp-json\/wp\/v2\/types\/post"}],"author":[{"embeddable":true,"href":"https:\/\/ydy.aku.edu.tr\/en\/wp-json\/wp\/v2\/users\/250"}],"replies":[{"embeddable":true,"href":"https:\/\/ydy.aku.edu.tr\/en\/wp-json\/wp\/v2\/comments?post=1714"}],"version-history":[{"count":1,"href":"https:\/\/ydy.aku.edu.tr\/en\/wp-json\/wp\/v2\/posts\/1714\/revisions"}],"predecessor-version":[{"id":1715,"href":"https:\/\/ydy.aku.edu.tr\/en\/wp-json\/wp\/v2\/posts\/1714\/revisions\/1715"}],"wp:attachment":[{"href":"https:\/\/ydy.aku.edu.tr\/en\/wp-json\/wp\/v2\/media?parent=1714"}],"wp:term":[{"taxonomy":"category","embeddable":true,"href":"https:\/\/ydy.aku.edu.tr\/en\/wp-json\/wp\/v2\/categories?post=1714"},{"taxonomy":"post_tag","embeddable":true,"href":"https:\/\/ydy.aku.edu.tr\/en\/wp-json\/wp\/v2\/tags?post=1714"}],"curies":[{"name":"wp","href":"https:\/\/api.w.org\/{rel}","templated":true}]}}