{"id":1522,"date":"2024-02-19T14:20:37","date_gmt":"2024-02-19T11:20:37","guid":{"rendered":"https:\/\/ydy.aku.edu.tr\/?p=1522"},"modified":"2024-02-19T14:20:37","modified_gmt":"2024-02-19T11:20:37","slug":"idari-basari-dalinda-odul","status":"publish","type":"post","link":"https:\/\/ydy.aku.edu.tr\/en\/2024\/02\/19\/idari-basari-dalinda-odul\/","title":{"rendered":"\u0130dari Ba\u015far\u0131 Dal\u0131nda \u00d6d\u00fcl"},"content":{"rendered":"<p>Afyon Kocatepe \u00dcniversitesi (AK\u00dc) \u00d6d\u00fcl Y\u00f6nergesi kapsam\u0131nda yap\u0131lan de\u011ferlendirmeler sonucunda, AK\u00dc \u00d6d\u00fcl Komisyonunca 9 farkl\u0131 kategoride belirlenen \u00f6d\u00fcller Rekt\u00f6r Prof. Dr. Mehmet Karaka\u015f\u2019\u0131n ba\u015fkanl\u0131\u011f\u0131nda toplanan AK\u00dc Senatosu huzurunda sahiplerine verildi. AK\u00dc Rekt\u00f6r\u00fc Prof. Dr. Mehmet Karaka\u015f, AK\u00dc Rekt\u00f6r Yard\u0131mc\u0131lar\u0131 Prof. Dr. \u015euay\u0131p \u00d6zdemir ve Prof. Dr. Murat Peker, Senato \u00dcyeleri ve Genel Sekreter \u0130hsan Ceran&#8217;\u0131n kat\u0131l\u0131mlar\u0131yla ger\u00e7ekle\u015ftirilen \u00f6d\u00fcl takdim t\u00f6reninde birimimizde g\u00f6rev yapan \u015eef Eda ERG\u00dcDER \u0130dari Ba\u015far\u0131 dal\u0131nda \u00f6d\u00fcle lay\u0131k g\u00f6r\u00fclm\u00fc\u015ft\u00fcr.<\/p>\n<p>Kendisini tebrik eder, ba\u015far\u0131lar\u0131n\u0131n devam\u0131n\u0131 dileriz.<\/p>\n<p>&nbsp;<\/p>\n<p><img loading=\"lazy\" decoding=\"async\" class=\"alignnone size-medium wp-image-1523\" src=\"https:\/\/ydy.aku.edu.tr\/wp-content\/uploads\/sites\/76\/2024\/02\/Idari-Odul-Toreni-300x200.jpg\" alt=\"\" width=\"300\" height=\"200\" srcset=\"https:\/\/ydy.aku.edu.tr\/wp-content\/uploads\/sites\/76\/2024\/02\/Idari-Odul-Toreni-300x200.jpg 300w, https:\/\/ydy.aku.edu.tr\/wp-content\/uploads\/sites\/76\/2024\/02\/Idari-Odul-Toreni-1024x682.jpg 1024w, https:\/\/ydy.aku.edu.tr\/wp-content\/uploads\/sites\/76\/2024\/02\/Idari-Odul-Toreni-768x512.jpg 768w, https:\/\/ydy.aku.edu.tr\/wp-content\/uploads\/sites\/76\/2024\/02\/Idari-Odul-Toreni-1536x1023.jpg 1536w, https:\/\/ydy.aku.edu.tr\/wp-content\/uploads\/sites\/76\/2024\/02\/Idari-Odul-Toreni-542x361.jpg 542w, https:\/\/ydy.aku.edu.tr\/wp-content\/uploads\/sites\/76\/2024\/02\/Idari-Odul-Toreni.jpg 1890w\" sizes=\"auto, (max-width: 300px) 100vw, 300px\" \/><\/p>\n","protected":false},"excerpt":{"rendered":"<p>Afyon Kocatepe \u00dcniversitesi (AK\u00dc) \u00d6d\u00fcl Y\u00f6nergesi kapsam\u0131nda yap\u0131lan de\u011ferlendirmeler sonucunda, AK\u00dc \u00d6d\u00fcl Komisyonunca 9 farkl\u0131 kategoride belirlenen \u00f6d\u00fcller Rekt\u00f6r Prof. Dr. Mehmet Karaka\u015f\u2019\u0131n ba\u015fkanl\u0131\u011f\u0131nda toplanan AK\u00dc Senatosu huzurunda sahiplerine verildi. AK\u00dc Rekt\u00f6r\u00fc Prof. Dr. Mehmet Karaka\u015f, AK\u00dc Rekt\u00f6r Yard\u0131mc\u0131lar\u0131 Prof. Dr. \u015euay\u0131p \u00d6zdemir ve Prof. Dr. Murat Peker, Senato \u00dcyeleri ve Genel Sekreter \u0130hsan Ceran&#8217;\u0131n [&hellip;]<\/p>\n","protected":false},"author":250,"featured_media":0,"comment_status":"closed","ping_status":"closed","sticky":false,"template":"","format":"standard","meta":{"footnotes":""},"categories":[2],"tags":[],"class_list":["post-1522","post","type-post","status-publish","format-standard","hentry","category-duyurular"],"_links":{"self":[{"href":"https:\/\/ydy.aku.edu.tr\/en\/wp-json\/wp\/v2\/posts\/1522","targetHints":{"allow":["GET"]}}],"collection":[{"href":"https:\/\/ydy.aku.edu.tr\/en\/wp-json\/wp\/v2\/posts"}],"about":[{"href":"https:\/\/ydy.aku.edu.tr\/en\/wp-json\/wp\/v2\/types\/post"}],"author":[{"embeddable":true,"href":"https:\/\/ydy.aku.edu.tr\/en\/wp-json\/wp\/v2\/users\/250"}],"replies":[{"embeddable":true,"href":"https:\/\/ydy.aku.edu.tr\/en\/wp-json\/wp\/v2\/comments?post=1522"}],"version-history":[{"count":1,"href":"https:\/\/ydy.aku.edu.tr\/en\/wp-json\/wp\/v2\/posts\/1522\/revisions"}],"predecessor-version":[{"id":1524,"href":"https:\/\/ydy.aku.edu.tr\/en\/wp-json\/wp\/v2\/posts\/1522\/revisions\/1524"}],"wp:attachment":[{"href":"https:\/\/ydy.aku.edu.tr\/en\/wp-json\/wp\/v2\/media?parent=1522"}],"wp:term":[{"taxonomy":"category","embeddable":true,"href":"https:\/\/ydy.aku.edu.tr\/en\/wp-json\/wp\/v2\/categories?post=1522"},{"taxonomy":"post_tag","embeddable":true,"href":"https:\/\/ydy.aku.edu.tr\/en\/wp-json\/wp\/v2\/tags?post=1522"}],"curies":[{"name":"wp","href":"https:\/\/api.w.org\/{rel}","templated":true}]}}