{"id":1392,"date":"2023-09-22T09:40:32","date_gmt":"2023-09-22T06:40:32","guid":{"rendered":"https:\/\/ydy.aku.edu.tr\/?p=1392"},"modified":"2023-10-03T15:19:48","modified_gmt":"2023-10-03T12:19:48","slug":"yabanci-diller-egitimi-bolumu-ile-koordinasyon-toplantisi","status":"publish","type":"post","link":"https:\/\/ydy.aku.edu.tr\/en\/2023\/09\/22\/yabanci-diller-egitimi-bolumu-ile-koordinasyon-toplantisi\/","title":{"rendered":"Yabanc\u0131 Diller E\u011fitimi B\u00f6l\u00fcm\u00fc ile Koordinasyon Toplant\u0131s\u0131"},"content":{"rendered":"<p><a href=\"https:\/\/ydy.aku.edu.tr\/?attachment_id=1393\"><img loading=\"lazy\" decoding=\"async\" class=\"alignnone wp-image-1393\" src=\"https:\/\/ydy.aku.edu.tr\/wp-content\/uploads\/sites\/76\/2023\/09\/WhatsApp-Image-2023-09-21-at-19.15.35-1024x768.jpeg\" alt=\"\" width=\"663\" height=\"497\" srcset=\"https:\/\/ydy.aku.edu.tr\/wp-content\/uploads\/sites\/76\/2023\/09\/WhatsApp-Image-2023-09-21-at-19.15.35-1024x768.jpeg 1024w, https:\/\/ydy.aku.edu.tr\/wp-content\/uploads\/sites\/76\/2023\/09\/WhatsApp-Image-2023-09-21-at-19.15.35-300x225.jpeg 300w, https:\/\/ydy.aku.edu.tr\/wp-content\/uploads\/sites\/76\/2023\/09\/WhatsApp-Image-2023-09-21-at-19.15.35-768x576.jpeg 768w, https:\/\/ydy.aku.edu.tr\/wp-content\/uploads\/sites\/76\/2023\/09\/WhatsApp-Image-2023-09-21-at-19.15.35-1536x1152.jpeg 1536w, https:\/\/ydy.aku.edu.tr\/wp-content\/uploads\/sites\/76\/2023\/09\/WhatsApp-Image-2023-09-21-at-19.15.35-481x361.jpeg 481w, https:\/\/ydy.aku.edu.tr\/wp-content\/uploads\/sites\/76\/2023\/09\/WhatsApp-Image-2023-09-21-at-19.15.35.jpeg 2000w\" sizes=\"auto, (max-width: 663px) 100vw, 663px\" \/><\/a><\/p>\n<p><strong>Yabanc\u0131 Diller E\u011fitimi B\u00f6l\u00fcm\u00fc ile Koordinasyon Toplant\u0131s\u0131 Ger\u00e7ekle\u015ftirildi<\/strong><\/p>\n<p>21.09.2023 tarihinde, \u00fcniversitemiz E\u011fitim Fak\u00fcltesi Yabanc\u0131 Diller E\u011fitimi B\u00f6l\u00fcm Ba\u015fkanl\u0131\u011f\u0131 ile koordinasyon toplant\u0131s\u0131 y\u00fcksekokulumuzda ger\u00e7ekle\u015ftirildi. Y\u00fcksekokul m\u00fcd\u00fcr\u00fcm\u00fcz Do\u00e7. Dr. Cahit Erdem ba\u015fkanl\u0131\u011f\u0131nda ger\u00e7ekle\u015ftirilen koordinasyon toplant\u0131s\u0131na Yabanc\u0131 Diller E\u011fitimi B\u00f6l\u00fcm Ba\u015fkan\u0131 Do\u00e7. Dr. Fatih G\u00fcng\u00f6r, Dr. \u00d6\u011fr. \u00dcyesi Onur Uluda\u011f, Y\u00fcksekokulumuz M\u00fcd\u00fcr Yard\u0131mc\u0131s\u0131 Dr. \u00d6\u011fr. \u00dcyesi O\u011fuzhan Kalkan ve \u0130ngilizce \u00d6\u011fretmenli\u011fi Anabilim Dal\u0131na kay\u0131tl\u0131 \u00f6\u011frencilerin haz\u0131rl\u0131k e\u011fitimini y\u00fcr\u00fcten \u00f6\u011fretim g\u00f6revlileri \u0130lyas Sayk\u0131l\u0131, Zeynep \u00c7etin, G\u00fclin Kale, H. \u015eule \u015eahan ve Didem Evrensel Dinler kat\u0131ld\u0131. Toplant\u0131da 27 Eyl\u00fcl tarihinde ger\u00e7ekle\u015ftirilecek olan Muafiyet S\u0131nav\u0131n\u0131n yan\u0131 s\u0131ra 2023-2024 e\u011fitim \u00f6\u011fretim y\u0131l\u0131na ili\u015fkin planlamalar hakk\u0131nda fikir al\u0131\u015fveri\u015finde bulunuldu. Toplant\u0131 birimler aras\u0131ndaki i\u015f birli\u011finin devam ettirilmesi temennisi ile son buldu.<\/p>\n","protected":false},"excerpt":{"rendered":"<p>Yabanc\u0131 Diller E\u011fitimi B\u00f6l\u00fcm\u00fc ile Koordinasyon Toplant\u0131s\u0131 Ger\u00e7ekle\u015ftirildi 21.09.2023 tarihinde, \u00fcniversitemiz E\u011fitim Fak\u00fcltesi Yabanc\u0131 Diller E\u011fitimi B\u00f6l\u00fcm Ba\u015fkanl\u0131\u011f\u0131 ile koordinasyon toplant\u0131s\u0131 y\u00fcksekokulumuzda ger\u00e7ekle\u015ftirildi. Y\u00fcksekokul m\u00fcd\u00fcr\u00fcm\u00fcz Do\u00e7. Dr. Cahit Erdem ba\u015fkanl\u0131\u011f\u0131nda ger\u00e7ekle\u015ftirilen koordinasyon toplant\u0131s\u0131na Yabanc\u0131 Diller E\u011fitimi B\u00f6l\u00fcm Ba\u015fkan\u0131 Do\u00e7. Dr. Fatih G\u00fcng\u00f6r, Dr. \u00d6\u011fr. \u00dcyesi Onur Uluda\u011f, Y\u00fcksekokulumuz M\u00fcd\u00fcr Yard\u0131mc\u0131s\u0131 Dr. \u00d6\u011fr. \u00dcyesi O\u011fuzhan Kalkan [&hellip;]<\/p>\n","protected":false},"author":75,"featured_media":0,"comment_status":"closed","ping_status":"closed","sticky":false,"template":"","format":"standard","meta":{"footnotes":""},"categories":[3],"tags":[],"class_list":["post-1392","post","type-post","status-publish","format-standard","hentry","category-etkinlikler"],"_links":{"self":[{"href":"https:\/\/ydy.aku.edu.tr\/en\/wp-json\/wp\/v2\/posts\/1392","targetHints":{"allow":["GET"]}}],"collection":[{"href":"https:\/\/ydy.aku.edu.tr\/en\/wp-json\/wp\/v2\/posts"}],"about":[{"href":"https:\/\/ydy.aku.edu.tr\/en\/wp-json\/wp\/v2\/types\/post"}],"author":[{"embeddable":true,"href":"https:\/\/ydy.aku.edu.tr\/en\/wp-json\/wp\/v2\/users\/75"}],"replies":[{"embeddable":true,"href":"https:\/\/ydy.aku.edu.tr\/en\/wp-json\/wp\/v2\/comments?post=1392"}],"version-history":[{"count":4,"href":"https:\/\/ydy.aku.edu.tr\/en\/wp-json\/wp\/v2\/posts\/1392\/revisions"}],"predecessor-version":[{"id":1410,"href":"https:\/\/ydy.aku.edu.tr\/en\/wp-json\/wp\/v2\/posts\/1392\/revisions\/1410"}],"wp:attachment":[{"href":"https:\/\/ydy.aku.edu.tr\/en\/wp-json\/wp\/v2\/media?parent=1392"}],"wp:term":[{"taxonomy":"category","embeddable":true,"href":"https:\/\/ydy.aku.edu.tr\/en\/wp-json\/wp\/v2\/categories?post=1392"},{"taxonomy":"post_tag","embeddable":true,"href":"https:\/\/ydy.aku.edu.tr\/en\/wp-json\/wp\/v2\/tags?post=1392"}],"curies":[{"name":"wp","href":"https:\/\/api.w.org\/{rel}","templated":true}]}}